{"id":8280,"date":"2026-03-14T06:12:41","date_gmt":"2026-03-14T05:12:41","guid":{"rendered":"https:\/\/blogs.elcomercio.es\/retorcida-realidad\/?p=8280"},"modified":"2026-03-14T06:12:41","modified_gmt":"2026-03-14T05:12:41","slug":"los-arbolinos","status":"publish","type":"post","link":"https:\/\/blogs.elcomercio.es\/retorcida-realidad\/2026\/03\/14\/los-arbolinos\/","title":{"rendered":"Los arbolinos."},"content":{"rendered":"\n<p><strong>Sinceramente, creo que la concejal\u00eda de Mediante Ambiente de nuestro Ayuntamiento ha metido la pata hasta atr\u00e1s. <\/strong>Entre otras cosas, al considerar al <em>\u00absolar\u00f3n\u00bb<\/em> como si fuese el monte Deva. Es decir, un lugar de dominio municipal donde poder plantar un bosque urbano con 60 o 70 \u00e1rboles. Ojo, y nada m\u00e1s lejos de la realidad. Quer\u00e1moslo o no, el famoso parque \u201clow cost\u201d -creado ante tantos a\u00f1os de espera por el plan de v\u00edas- tiene due\u00f1o. O sea, es Adif, como socio mayoritario de la sociedad <em>\u201cGij\u00f3n al Norte\u201d, <\/em>quien controla los destinos de ese suelo urbano. En otras palabras: es el ministerio de Transportes quien hace o deshace y va a decidir finalmente su futuro. Eso s\u00ed, se han dado mucha prisa en desmontar la actividad popular que tendr\u00eda lugar ma\u00f1ana domingo. <strong>Ojal\u00e1, digo, hubi\u00e9semos visto esa misma diligencia para la integraci\u00f3n ferroviaria de esta ciudad. <\/strong>Recordemos que el terreno liberado de las v\u00edas lleva as\u00ed 12 largos a\u00f1os (desde 2014) y que todav\u00eda hay una parte importante que es una selva (desde el paso a Poniente). El concejal de Medio Ambiente, <em>Rodrigo Pintueles<\/em>, acertado en muchas ocasiones, esta vez no lo ha estado. Tendr\u00eda que haber obtenido el permiso de la sociedad <em>\u201cGij\u00f3n no hago nada\u201d <\/em>(perd\u00f3n, quiero decir \u201c<em>al Norte\u201d<\/em>) para una modificaci\u00f3n permanente del terreno, al igual que hacen otras entidades cuando utilizan ese espacio de forma eventual (desde fiestas vecinales hasta un parque de invierno). <strong>Por eso, lo de los arbolinos de Pintueles es un error de libro. Sin duda, toca \u201cenmendalla\u201d.<\/strong><\/p>\n\n\n\n<p><strong><em>S\u00edgueme en X<\/em><\/strong><\/p>\n\n\n\n<p><strong><em>@balbuenajm<\/em><\/strong><\/p>\n<!-- AddThis Advanced Settings generic via filter on the_content --><!-- AddThis Share Buttons generic via filter on the_content -->","protected":false},"excerpt":{"rendered":"<p>Sinceramente, creo que la concejal\u00eda de Mediante Ambiente de nuestro Ayuntamiento ha metido la pata hasta atr\u00e1s. Entre otras cosas, al considerar al \u00absolar\u00f3n\u00bb como si fuese el monte Deva. Es decir, un lugar de dominio municipal donde poder plantar un bosque urbano con 60 o 70 \u00e1rboles. Ojo, y nada m\u00e1s lejos de la [&hellip;]<!-- AddThis Advanced Settings generic via filter on get_the_excerpt --><!-- AddThis Share Buttons generic via filter on get_the_excerpt --><\/p>\n","protected":false},"author":5,"featured_media":8281,"comment_status":"open","ping_status":"open","sticky":false,"template":"","format":"standard","meta":[],"categories":[1],"tags":[427,312,1281,17,696,1123,36],"_links":{"self":[{"href":"https:\/\/blogs.elcomercio.es\/retorcida-realidad\/wp-json\/wp\/v2\/posts\/8280"}],"collection":[{"href":"https:\/\/blogs.elcomercio.es\/retorcida-realidad\/wp-json\/wp\/v2\/posts"}],"about":[{"href":"https:\/\/blogs.elcomercio.es\/retorcida-realidad\/wp-json\/wp\/v2\/types\/post"}],"author":[{"embeddable":true,"href":"https:\/\/blogs.elcomercio.es\/retorcida-realidad\/wp-json\/wp\/v2\/users\/5"}],"replies":[{"embeddable":true,"href":"https:\/\/blogs.elcomercio.es\/retorcida-realidad\/wp-json\/wp\/v2\/comments?post=8280"}],"version-history":[{"count":1,"href":"https:\/\/blogs.elcomercio.es\/retorcida-realidad\/wp-json\/wp\/v2\/posts\/8280\/revisions"}],"predecessor-version":[{"id":8282,"href":"https:\/\/blogs.elcomercio.es\/retorcida-realidad\/wp-json\/wp\/v2\/posts\/8280\/revisions\/8282"}],"wp:featuredmedia":[{"embeddable":true,"href":"https:\/\/blogs.elcomercio.es\/retorcida-realidad\/wp-json\/wp\/v2\/media\/8281"}],"wp:attachment":[{"href":"https:\/\/blogs.elcomercio.es\/retorcida-realidad\/wp-json\/wp\/v2\/media?parent=8280"}],"wp:term":[{"taxonomy":"category","embeddable":true,"href":"https:\/\/blogs.elcomercio.es\/retorcida-realidad\/wp-json\/wp\/v2\/categories?post=8280"},{"taxonomy":"post_tag","embeddable":true,"href":"https:\/\/blogs.elcomercio.es\/retorcida-realidad\/wp-json\/wp\/v2\/tags?post=8280"}],"curies":[{"name":"wp","href":"https:\/\/api.w.org\/{rel}","templated":true}]}}