{"id":8303,"date":"2026-04-25T07:30:22","date_gmt":"2026-04-25T05:30:22","guid":{"rendered":"https:\/\/blogs.elcomercio.es\/retorcida-realidad\/?p=8303"},"modified":"2026-04-25T07:30:22","modified_gmt":"2026-04-25T05:30:22","slug":"la-perla","status":"publish","type":"post","link":"https:\/\/blogs.elcomercio.es\/retorcida-realidad\/2026\/04\/25\/la-perla\/","title":{"rendered":"La perla."},"content":{"rendered":"\n<p>La famosa canci\u00f3n de <em>Rosal\u00eda<\/em> parece compuesta a medida para el ministro de Transportes, <em>\u00d3scar Puente.<\/em> Al menos, en su relaci\u00f3n con Gij\u00f3n y Asturias en general. Entre otras cosas, por inexistente. Miren que han pasado ministros de Transportes y Fomento por las infraestructuras pendientes de nuestra ciudad (hasta nueve diferentes y seguro que me dejo alguno), pero el actual es una aut\u00e9ntica perla. <strong>M\u00e1s que nada, puesto que pasa de nosotros. Le importamos un bledo. <\/strong>Se le mandan cartas y no contesta, le solicitas reuniones y te manda al secretario de Estado de Transportes, te quejas por el trato recibido y responde (siempre en sus redes sociales, claro) con una patada o directamente bloqueando. <strong>F\u00edjense c\u00f3mo ser\u00e1 la cosa que hasta sus propios compa\u00f1eros de partido muestran cierto hartazgo por este comportamiento. <\/strong>Tanto a nivel local como auton\u00f3mico. De hecho, el Gobierno asturiano ha tenido que llevar esta misma semana el fin del peaje del Huerna ante el Tribunal Supremo. Cansados, digo, de que <em>Puente <\/em>pase de ellos completamente. De que los deje en evidencia y con el culo al aire, justo cuando se est\u00e1n acercando unas elecciones auton\u00f3micas y municipales. Resumiendo, el mayor logro de la perla para Gij\u00f3n ha sido el timo del vial de Jove: tumbar un proyecto licitado puesto que era peligroso para los edificios de la zona. Por favor\u2026 <strong>En fin, que como dice la canci\u00f3n de Rosal\u00eda, se merece que le demos la \u00abmedalla ol\u00edmpica de oro al m\u00e1s c\u2026\u00bb. <\/strong>Ojo, y mira que hemos padecido ministros malos durante m\u00e1s de dos d\u00e9cadas.<\/p>\n\n\n\n<p><strong><em>S\u00edgueme en X<\/em><\/strong><\/p>\n\n\n\n<p><strong><em>@balbuenajm<\/em><\/strong><\/p>\n<!-- AddThis Advanced Settings generic via filter on the_content --><!-- AddThis Share Buttons generic via filter on the_content -->","protected":false},"excerpt":{"rendered":"<p>La famosa canci\u00f3n de Rosal\u00eda parece compuesta a medida para el ministro de Transportes, \u00d3scar Puente. Al menos, en su relaci\u00f3n con Gij\u00f3n y Asturias en general. Entre otras cosas, por inexistente. Miren que han pasado ministros de Transportes y Fomento por las infraestructuras pendientes de nuestra ciudad (hasta nueve diferentes y seguro que me [&hellip;]<!-- AddThis Advanced Settings generic via filter on get_the_excerpt --><!-- AddThis Share Buttons generic via filter on get_the_excerpt --><\/p>\n","protected":false},"author":5,"featured_media":8304,"comment_status":"open","ping_status":"open","sticky":false,"template":"","format":"standard","meta":[],"categories":[1],"tags":[5,312,17,1123,1522,36,438],"_links":{"self":[{"href":"https:\/\/blogs.elcomercio.es\/retorcida-realidad\/wp-json\/wp\/v2\/posts\/8303"}],"collection":[{"href":"https:\/\/blogs.elcomercio.es\/retorcida-realidad\/wp-json\/wp\/v2\/posts"}],"about":[{"href":"https:\/\/blogs.elcomercio.es\/retorcida-realidad\/wp-json\/wp\/v2\/types\/post"}],"author":[{"embeddable":true,"href":"https:\/\/blogs.elcomercio.es\/retorcida-realidad\/wp-json\/wp\/v2\/users\/5"}],"replies":[{"embeddable":true,"href":"https:\/\/blogs.elcomercio.es\/retorcida-realidad\/wp-json\/wp\/v2\/comments?post=8303"}],"version-history":[{"count":1,"href":"https:\/\/blogs.elcomercio.es\/retorcida-realidad\/wp-json\/wp\/v2\/posts\/8303\/revisions"}],"predecessor-version":[{"id":8305,"href":"https:\/\/blogs.elcomercio.es\/retorcida-realidad\/wp-json\/wp\/v2\/posts\/8303\/revisions\/8305"}],"wp:featuredmedia":[{"embeddable":true,"href":"https:\/\/blogs.elcomercio.es\/retorcida-realidad\/wp-json\/wp\/v2\/media\/8304"}],"wp:attachment":[{"href":"https:\/\/blogs.elcomercio.es\/retorcida-realidad\/wp-json\/wp\/v2\/media?parent=8303"}],"wp:term":[{"taxonomy":"category","embeddable":true,"href":"https:\/\/blogs.elcomercio.es\/retorcida-realidad\/wp-json\/wp\/v2\/categories?post=8303"},{"taxonomy":"post_tag","embeddable":true,"href":"https:\/\/blogs.elcomercio.es\/retorcida-realidad\/wp-json\/wp\/v2\/tags?post=8303"}],"curies":[{"name":"wp","href":"https:\/\/api.w.org\/{rel}","templated":true}]}}