{"id":8306,"date":"2026-05-02T08:32:44","date_gmt":"2026-05-02T06:32:44","guid":{"rendered":"https:\/\/blogs.elcomercio.es\/retorcida-realidad\/?p=8306"},"modified":"2026-05-02T08:32:45","modified_gmt":"2026-05-02T06:32:45","slug":"el-pozo","status":"publish","type":"post","link":"https:\/\/blogs.elcomercio.es\/retorcida-realidad\/2026\/05\/02\/el-pozo\/","title":{"rendered":"El pozo."},"content":{"rendered":"\n<p>Desde esta columna siempre hemos sido esc\u00e9pticos con el soterramiento del tr\u00e1fico en El Muro. Pues bien, viendo su estudio de viabilidad lo somos a\u00fan m\u00e1s. <strong>Entre otras cosas, puesto que parte de supuestos de mercado claramente equ\u00edvocos. <\/strong>Vamos a ver, que t\u00e9cnicamente era posible no ofrec\u00eda dudas: si se hizo el t\u00fanel del Huerna\u2026 Sin embargo, el problema viene desde el lado econ\u00f3mico. <strong>Muy guapo todo en el papel, pero dif\u00edcil de hacer realidad.<\/strong> De hecho, habla de un coste de entre 120 y 137 millones de euros. Eso, claro, si no aparecen (que aparecer\u00e1n) los famosos sobrecostes: es que subieron mucho los materiales o es que nos encontramos con algo inesperado, por ejemplo. Miren lo que ha pasado con la obra de ampliaci\u00f3n del Hospital de Cabue\u00f1es. Su financiaci\u00f3n (en un 75%, el resto es municipal) depende de la iniciativa privada. Sacar al mercado de sopet\u00f3n 1.461 plazas de garaje en una zona donde ya existen tres parkings y garajes particulares. Ojo, ni siquiera en venta puesto que ser\u00eda una concesi\u00f3n por 40 a\u00f1os. <strong>Tal cantidad, creo que rebasa la demanda existente, aunque, efectivamente, sea muy alta. <\/strong>Por otra parte, en cuanto a las plazas en rotaci\u00f3n estar\u00edan llenas en verano, pero semivac\u00edas durante el resto del a\u00f1o. Repito: miren lo que pas\u00f3 con el aparcamiento subterr\u00e1neo de la avenida de Castilla, donde se tuvo que reducir el proyecto a una sola planta por falta de demanda. <strong>El problema, insisto, es que el t\u00fanel del Muro se acabe convirtiendo en un pozo.<\/strong> De dinero p\u00fablico municipal y quebraderos de cabeza para Gij\u00f3n.<\/p>\n\n\n\n<p><strong><em>S\u00edgueme en X<\/em><\/strong><\/p>\n\n\n\n<p><strong><em>@balbuenajm<\/em><\/strong><\/p>\n<!-- AddThis Advanced Settings generic via filter on the_content --><!-- AddThis Share Buttons generic via filter on the_content -->","protected":false},"excerpt":{"rendered":"<p>Desde esta columna siempre hemos sido esc\u00e9pticos con el soterramiento del tr\u00e1fico en El Muro. Pues bien, viendo su estudio de viabilidad lo somos a\u00fan m\u00e1s. Entre otras cosas, puesto que parte de supuestos de mercado claramente equ\u00edvocos. Vamos a ver, que t\u00e9cnicamente era posible no ofrec\u00eda dudas: si se hizo el t\u00fanel del Huerna\u2026 [&hellip;]<!-- AddThis Advanced Settings generic via filter on get_the_excerpt --><!-- AddThis Share Buttons generic via filter on get_the_excerpt --><\/p>\n","protected":false},"author":5,"featured_media":8307,"comment_status":"open","ping_status":"open","sticky":false,"template":"","format":"standard","meta":[],"categories":[1],"tags":[5,312,459,17,764,45],"_links":{"self":[{"href":"https:\/\/blogs.elcomercio.es\/retorcida-realidad\/wp-json\/wp\/v2\/posts\/8306"}],"collection":[{"href":"https:\/\/blogs.elcomercio.es\/retorcida-realidad\/wp-json\/wp\/v2\/posts"}],"about":[{"href":"https:\/\/blogs.elcomercio.es\/retorcida-realidad\/wp-json\/wp\/v2\/types\/post"}],"author":[{"embeddable":true,"href":"https:\/\/blogs.elcomercio.es\/retorcida-realidad\/wp-json\/wp\/v2\/users\/5"}],"replies":[{"embeddable":true,"href":"https:\/\/blogs.elcomercio.es\/retorcida-realidad\/wp-json\/wp\/v2\/comments?post=8306"}],"version-history":[{"count":1,"href":"https:\/\/blogs.elcomercio.es\/retorcida-realidad\/wp-json\/wp\/v2\/posts\/8306\/revisions"}],"predecessor-version":[{"id":8308,"href":"https:\/\/blogs.elcomercio.es\/retorcida-realidad\/wp-json\/wp\/v2\/posts\/8306\/revisions\/8308"}],"wp:featuredmedia":[{"embeddable":true,"href":"https:\/\/blogs.elcomercio.es\/retorcida-realidad\/wp-json\/wp\/v2\/media\/8307"}],"wp:attachment":[{"href":"https:\/\/blogs.elcomercio.es\/retorcida-realidad\/wp-json\/wp\/v2\/media?parent=8306"}],"wp:term":[{"taxonomy":"category","embeddable":true,"href":"https:\/\/blogs.elcomercio.es\/retorcida-realidad\/wp-json\/wp\/v2\/categories?post=8306"},{"taxonomy":"post_tag","embeddable":true,"href":"https:\/\/blogs.elcomercio.es\/retorcida-realidad\/wp-json\/wp\/v2\/tags?post=8306"}],"curies":[{"name":"wp","href":"https:\/\/api.w.org\/{rel}","templated":true}]}}