{"id":110,"date":"2008-01-31T11:25:17","date_gmt":"2008-01-31T11:25:17","guid":{"rendered":"http:\/\/blogs.elcomercio.es\/sportingmania\/?p=110"},"modified":"2008-01-31T11:25:17","modified_gmt":"2008-01-31T11:25:17","slug":"por-no-pagas","status":"publish","type":"post","link":"https:\/\/blogs.elcomercio.es\/sportingmania\/2008\/01\/31\/por-no-pagas\/","title":{"rendered":"\u00bfPor qu\u00e9 no pagas?"},"content":{"rendered":"<p class=\"MsoNormal\"><font face=\"Times New Roman\" size=\"3\"><img loading=\"lazy\" class=\"imgdcha\" height=\"293\" src=\"\/\/blogs.elcomerciodigital.com\/\/sportingmania\/files\/gabino.jpg\" width=\"385\">Miren por donde el Oviedo le debe dinero al Sporting. Los se\u00f1ores que no quisieron sentarse a negociar el \u2018caso Jairo\u2019 no cumplen. El club de la capital, ahora regido por se\u00f1ores pudientes, procedentes del balonmano y del empresariado capitalino cobijado bajo el manto de don Gabino, debe 9.000 euros al club de esta villa marinera. La deuda corresponde a la mitad de los beneficios del \u00faltimo Trofeo Principado, disputado el pasado 19 de setiembre, que deb\u00edan repartirse los dos clubes contendientes.<\/font><\/p>\n<p class=\"MsoNormal\"><font face=\"Times New Roman\" size=\"3\">La insistencia de los dirigentes del Gobierno del Principado oblig\u00f3 a los rojiblancos a tener que jugar un encuentro, denominado amistoso, que nunca debi\u00f3 disputarse. Los dirigentes asturianos obligaron a la celebraci\u00f3n del encuentro, estipulado por contrato en los convenios de colaboraci\u00f3n publicitaria, sin la menor oposici\u00f3n desde Mareo, pese a que Preciado no quer\u00eda jugarlo.<\/font><\/p>\n<p class=\"MsoNormal\"><font face=\"Times New Roman\" size=\"3\">Desde que el trofeo se juega a partido \u00fanico, est\u00e1 estipulado que los beneficios deben repartirse a partes iguales. El Oviedo lo cobr\u00f3 todo y no dio al Sporting el 50% que le corresponde. El Principado, que utiliz\u00f3 el partido de promoci\u00f3n para sus cabezas visibles, como es habitual en el f\u00fatbol, se inhibe en hacer cumplir la letra peque\u00f1a del contrato que el Sporting tuvo que asumir bajo presi\u00f3n pol\u00edtica.<\/font><\/p>\n<p class=\"MsoNormal\"><font face=\"Times New Roman\" size=\"3\">Quien sabe si los actuales dirigentes del Oviedo vuelven el domingo pr\u00f3ximo a asaltar el palco presidencial de El Molin\u00f3n, como ya hicieron en el partido de la Copa Federaci\u00f3n y traen un sobre con 9.000 euros. En principio, no lo creo. <\/font><\/p>\n<p class=\"MsoNormal\"><font face=\"Times New Roman\" size=\"3\">La avanzadilla esta semana fue Gabino de Lorenzo, que ahora hasta se siente protector de Gij\u00f3n. Me cae bien. Es un t\u00edo cachondo y casi siempre tiene buen humor. De chiste f\u00e1cil, que se dice.<\/font><\/p>\n<p class=\"MsoNormal\"><font face=\"Times New Roman\" size=\"3\">Tirando de hemeroteca puede recordarse que en los primeros meses de 1998, en Santander, con motivo de la Gala del Deporte de la Asociaci\u00f3n Espa\u00f1ola de la Prensa Deportiva, intervino el alcalde de Oviedo en el escenario, para promocionar su capital como sede del congreso del a\u00f1o siguiente. En aquella temporada, el Sporting bajaba en picado desde Primera a Segunda. El edil ovetense, emulando al m\u00e1s puro estilo del Club de la Comedia, pregunt\u00f3 en voz alta ante una sala llega de deportistas y periodistas de toda Espa\u00f1a: \u00bfNo puede bajar directamente a Segunda B? No pudo ver cumplido su deseo, aunque cinco a\u00f1os despu\u00e9s, su Real Oviedo, al que luego dio la espalda durante a\u00f1os, por conveniencias pol\u00edticas, s\u00ed baj\u00f3 dos categor\u00edas de una tacada. \u00bfEse se\u00f1or es el que va a defender al Sporting, si hubiera menester? Igual piensan en Oviedo que los de Gij\u00f3n pensamos que los p\u00e1jaros maman.<\/font><\/p>\n<p class=\"MsoNormal\"><font face=\"Times New Roman\" size=\"3\">Parodiando una famosa frase real, le preguntar\u00eda a don Alberto Gonz\u00e1lez, que no es presidente pero es el que manda en el Oviedo, \u00bfPor qu\u00e9 no pagas?<\/font><\/p>\n<p class=\"MsoNormal\"><font face=\"Times New Roman\" size=\"3\">PD1.: No s\u00e9 a quien votar\u00e9 el 9M. Ni siquiera s\u00e9 si votar\u00e9. Tampoco tengo claro que merezca la pena. Lo que s\u00ed s\u00e9 es a quien no votar\u00e9.<\/font><\/p>\n<p class=\"MsoNormal\"><font face=\"Times New Roman\" size=\"3\">PD2.: No hace falta que mi amigo y compa\u00f1ero \u00c1ngel Fern\u00e1ndez se meta en este embrollo. Tener que criticar a los morosos dirigentes de su Oviedo que se quedan con dinero ajeno, aunque sea de forma temporal, no est\u00e1 bien visto desde la capital. Lo entiendo.<\/font><\/p>\n<!-- AddThis Advanced Settings generic via filter on the_content --><!-- AddThis Share Buttons generic via filter on the_content -->","protected":false},"excerpt":{"rendered":"<p>Miren por donde el Oviedo le debe dinero al Sporting. Los se\u00f1ores que no quisieron sentarse a negociar el \u2018caso Jairo\u2019 no cumplen. El club de la capital, ahora regido por se\u00f1ores pudientes, procedentes del balonmano y del empresariado capitalino cobijado bajo el manto de don Gabino, debe 9.000 euros al club de esta villa [&hellip;]<!-- AddThis Advanced Settings generic via filter on get_the_excerpt --><!-- AddThis Share Buttons generic via filter on get_the_excerpt --><\/p>\n","protected":false},"author":40,"featured_media":0,"comment_status":"open","ping_status":"open","sticky":false,"template":"","format":"standard","meta":[],"categories":[3],"tags":[],"_links":{"self":[{"href":"https:\/\/blogs.elcomercio.es\/sportingmania\/wp-json\/wp\/v2\/posts\/110"}],"collection":[{"href":"https:\/\/blogs.elcomercio.es\/sportingmania\/wp-json\/wp\/v2\/posts"}],"about":[{"href":"https:\/\/blogs.elcomercio.es\/sportingmania\/wp-json\/wp\/v2\/types\/post"}],"author":[{"embeddable":true,"href":"https:\/\/blogs.elcomercio.es\/sportingmania\/wp-json\/wp\/v2\/users\/40"}],"replies":[{"embeddable":true,"href":"https:\/\/blogs.elcomercio.es\/sportingmania\/wp-json\/wp\/v2\/comments?post=110"}],"version-history":[{"count":0,"href":"https:\/\/blogs.elcomercio.es\/sportingmania\/wp-json\/wp\/v2\/posts\/110\/revisions"}],"wp:attachment":[{"href":"https:\/\/blogs.elcomercio.es\/sportingmania\/wp-json\/wp\/v2\/media?parent=110"}],"wp:term":[{"taxonomy":"category","embeddable":true,"href":"https:\/\/blogs.elcomercio.es\/sportingmania\/wp-json\/wp\/v2\/categories?post=110"},{"taxonomy":"post_tag","embeddable":true,"href":"https:\/\/blogs.elcomercio.es\/sportingmania\/wp-json\/wp\/v2\/tags?post=110"}],"curies":[{"name":"wp","href":"https:\/\/api.w.org\/{rel}","templated":true}]}}