{"id":1334,"date":"2013-06-17T14:53:18","date_gmt":"2013-06-17T14:53:18","guid":{"rendered":"http:\/\/blog.elcomercio.es\/sportingmania\/?p=1334"},"modified":"2013-06-17T14:53:18","modified_gmt":"2013-06-17T14:53:18","slug":"que-acierten","status":"publish","type":"post","link":"https:\/\/blogs.elcomercio.es\/sportingmania\/2013\/06\/17\/que-acierten\/","title":{"rendered":"Que acierten"},"content":{"rendered":"<p>Despu\u00e9s de haber digerido el segundo fracaso consecutivo, el Sporting ya puso en marcha la planificaci\u00f3n de la pr\u00f3xima temporada, con una necesidad de cambiar demasiadas cosas. Todo ello debe p&#8217;repararse este a\u00f1o con una base econ\u00f3mica excesivamente reducida.<\/p>\n<p>El final de campa\u00f1a result\u00f3 tenso, tanto en el aspecto social, como en algunas cuestiones de funcionamiento interno. Son las consecuencias de los malos resultados y del desarrollo inesperado de una competici\u00f3n en la que se hab\u00eda hecho un esfuerzo para preparar un equipo con aspiraciones de ascenso. Algunos jugadores se tiraron del barco, otros no dieron la talla, la mayor\u00eda ofreci\u00f3 un tono de irregularidad y algunos se inhibieron totalmente. Son cuestiones que los encargados de la planificaci\u00f3n no tuvieron en cuenta, pero que deber\u00edan servir de experiencia para no volver a tropezar en las mismas piedras. Para ellos tambi\u00e9n ser\u00e1 una prueba de fuego.<\/p>\n<p>Ahora toca atarse el cintur\u00f3n y hacer una plantilla con car\u00e1cter, que es la principal carencia que tiene el Sporting en la actualidad. De momento, llegan L\u00f3pez Garai, Hugo Fraile y Alberto, m\u00e1s la gente del filial, pendientes a\u00fan de dos o tres contrataciones m\u00e1s de cierto nivel.<\/p>\n<p>Sandoval asume las riendas para empezar una temporada en la que la exigencia va a ser el ascenso, aunque el m\u00edster quiera que en el vestuario no se hable de este asunto hasta las \u00faltimas jornadas. El entrenador tiene una experiencia de ascenso con el Rayo, que intentar\u00e1 repetir en Gij\u00f3n, con una pretemporada similar a la que en su momento dise\u00f1\u00f3 en Vallecas. La diferencia es que en Madrid no ten\u00eda Mareo y tanto la salida a Segovia, como la de Pozoblanco, son innecesarias y s\u00f3lo provocar\u00e1n desgaste, calor y un cansancio que no es el que se busca en una pretemporada. De todas formas, la responsabilidad principal es de los que dise\u00f1an los planes, pero tambi\u00e9n de quienes los permiten. Que acierten.<\/p>\n<!-- AddThis Advanced Settings generic via filter on the_content --><!-- AddThis Share Buttons generic via filter on the_content -->","protected":false},"excerpt":{"rendered":"<p>Despu\u00e9s de haber digerido el segundo fracaso consecutivo, el Sporting ya puso en marcha la planificaci\u00f3n de la pr\u00f3xima temporada, con una necesidad de cambiar demasiadas cosas. Todo ello debe p&#8217;repararse este a\u00f1o con una base econ\u00f3mica excesivamente reducida. El final de campa\u00f1a result\u00f3 tenso, tanto en el aspecto social, como en algunas cuestiones de [&hellip;]<!-- AddThis Advanced Settings generic via filter on get_the_excerpt --><!-- AddThis Share Buttons generic via filter on get_the_excerpt --><\/p>\n","protected":false},"author":40,"featured_media":0,"comment_status":"open","ping_status":"open","sticky":false,"template":"","format":"standard","meta":[],"categories":[3],"tags":[],"_links":{"self":[{"href":"https:\/\/blogs.elcomercio.es\/sportingmania\/wp-json\/wp\/v2\/posts\/1334"}],"collection":[{"href":"https:\/\/blogs.elcomercio.es\/sportingmania\/wp-json\/wp\/v2\/posts"}],"about":[{"href":"https:\/\/blogs.elcomercio.es\/sportingmania\/wp-json\/wp\/v2\/types\/post"}],"author":[{"embeddable":true,"href":"https:\/\/blogs.elcomercio.es\/sportingmania\/wp-json\/wp\/v2\/users\/40"}],"replies":[{"embeddable":true,"href":"https:\/\/blogs.elcomercio.es\/sportingmania\/wp-json\/wp\/v2\/comments?post=1334"}],"version-history":[{"count":0,"href":"https:\/\/blogs.elcomercio.es\/sportingmania\/wp-json\/wp\/v2\/posts\/1334\/revisions"}],"wp:attachment":[{"href":"https:\/\/blogs.elcomercio.es\/sportingmania\/wp-json\/wp\/v2\/media?parent=1334"}],"wp:term":[{"taxonomy":"category","embeddable":true,"href":"https:\/\/blogs.elcomercio.es\/sportingmania\/wp-json\/wp\/v2\/categories?post=1334"},{"taxonomy":"post_tag","embeddable":true,"href":"https:\/\/blogs.elcomercio.es\/sportingmania\/wp-json\/wp\/v2\/tags?post=1334"}],"curies":[{"name":"wp","href":"https:\/\/api.w.org\/{rel}","templated":true}]}}