{"id":1339,"date":"2013-06-24T15:25:25","date_gmt":"2013-06-24T15:25:25","guid":{"rendered":"http:\/\/blog.elcomercio.es\/sportingmania\/?p=1339"},"modified":"2013-06-24T15:25:25","modified_gmt":"2013-06-24T15:25:25","slug":"la-elegancia-de-vega-arango","status":"publish","type":"post","link":"https:\/\/blogs.elcomercio.es\/sportingmania\/2013\/06\/24\/la-elegancia-de-vega-arango\/","title":{"rendered":"La elegancia de Vega-Arango"},"content":{"rendered":"<p>Manuel Vega-Arango se despidi\u00f3 del Sporting, despu\u00e9s de la renuncia anunciada la pasada semana. M\u00e1s que una rueda de prensa, fueron 45 minutos en los que el ya ex presidente hizo un repaso de sus 35 a\u00f1os de vinculaci\u00f3n al club, en tres etapas distintas de jugador, presidente y consejero.<\/p>\n<p>Vega-Arango dijo un adi\u00f3s elegante, de los suyos, con clase. El ex presidente reparti\u00f3 agradecimientos y hasta disculpas. No escatim\u00f3 elogios, ni siquiera para el hijo del due\u00f1o, promotor principal de su salida de la entidad, pero no el \u00fanico que la aliment\u00f3. Medio club se dej\u00f3 ver en la despedida, sin que faltara ninguno de los que quer\u00edan el final de su etapa.<\/p>\n<p>Sin embargo, pese a que conoc\u00eda todos los movimientos que se organizaron en contra de su estancia al frente de la entidad, el ex dirigente se march\u00f3 sin una mala palabra. S\u00f3lo recrimin\u00f3 determinadas cr\u00edticas y posturas, atribuidas a gente sin valores, que no identifica con el sportinguismo. En su despedida aplic\u00f3 el \u2018to er mundo e g\u00fceno\u2019, con un espectacular silencio sobre la verdadera realidad, sabiendo que no es oro todo lo que reluce y que \u2018to er mundo no e g\u00fceno\u2019.<\/p>\n<p>El Sporting empieza una nueva etapa, con Javier Fern\u00e1ndez, al margen de t\u00edtulos presidenciales, como pieza m\u00e1s responsable del consejo, facultado por la representaci\u00f3n del capital. En este aspecto, el hijo y el padre tienen la llave de las soluciones del Sporting. A ver si por fin aciertan, sin que ahora puedan utilizar a Vega-Arango como disculpa.<\/p>\n<!-- AddThis Advanced Settings generic via filter on the_content --><!-- AddThis Share Buttons generic via filter on the_content -->","protected":false},"excerpt":{"rendered":"<p>Manuel Vega-Arango se despidi\u00f3 del Sporting, despu\u00e9s de la renuncia anunciada la pasada semana. M\u00e1s que una rueda de prensa, fueron 45 minutos en los que el ya ex presidente hizo un repaso de sus 35 a\u00f1os de vinculaci\u00f3n al club, en tres etapas distintas de jugador, presidente y consejero. Vega-Arango dijo un adi\u00f3s elegante, [&hellip;]<!-- AddThis Advanced Settings generic via filter on get_the_excerpt --><!-- AddThis Share Buttons generic via filter on get_the_excerpt --><\/p>\n","protected":false},"author":40,"featured_media":0,"comment_status":"open","ping_status":"open","sticky":false,"template":"","format":"standard","meta":[],"categories":[3],"tags":[],"_links":{"self":[{"href":"https:\/\/blogs.elcomercio.es\/sportingmania\/wp-json\/wp\/v2\/posts\/1339"}],"collection":[{"href":"https:\/\/blogs.elcomercio.es\/sportingmania\/wp-json\/wp\/v2\/posts"}],"about":[{"href":"https:\/\/blogs.elcomercio.es\/sportingmania\/wp-json\/wp\/v2\/types\/post"}],"author":[{"embeddable":true,"href":"https:\/\/blogs.elcomercio.es\/sportingmania\/wp-json\/wp\/v2\/users\/40"}],"replies":[{"embeddable":true,"href":"https:\/\/blogs.elcomercio.es\/sportingmania\/wp-json\/wp\/v2\/comments?post=1339"}],"version-history":[{"count":0,"href":"https:\/\/blogs.elcomercio.es\/sportingmania\/wp-json\/wp\/v2\/posts\/1339\/revisions"}],"wp:attachment":[{"href":"https:\/\/blogs.elcomercio.es\/sportingmania\/wp-json\/wp\/v2\/media?parent=1339"}],"wp:term":[{"taxonomy":"category","embeddable":true,"href":"https:\/\/blogs.elcomercio.es\/sportingmania\/wp-json\/wp\/v2\/categories?post=1339"},{"taxonomy":"post_tag","embeddable":true,"href":"https:\/\/blogs.elcomercio.es\/sportingmania\/wp-json\/wp\/v2\/tags?post=1339"}],"curies":[{"name":"wp","href":"https:\/\/api.w.org\/{rel}","templated":true}]}}