{"id":1352,"date":"2013-07-14T13:48:45","date_gmt":"2013-07-14T13:48:45","guid":{"rendered":"http:\/\/blog.elcomercio.es\/sportingmania\/?p=1352"},"modified":"2013-07-14T13:48:45","modified_gmt":"2013-07-14T13:48:45","slug":"la-concentracion-de-segovia","status":"publish","type":"post","link":"https:\/\/blogs.elcomercio.es\/sportingmania\/2013\/07\/14\/la-concentracion-de-segovia\/","title":{"rendered":"La concentraci\u00f3n de Segovia"},"content":{"rendered":"<p>El Sporting inicia una concentraci\u00f3n de una semana, con la convivencia como principal objetivo de Sandoval. Segovia es el destino elegido para correr por unos pinares y celebrar sesiones en un campo que est\u00e1 en un estado regular, sobre todo en comparaci\u00f3n con los de Mareo, y con una meteorolog\u00eda menos recomendable que la habitual de Gij\u00f3n.<\/p>\n<p>\tLa propuesta aceptada por el consejo de administraci\u00f3n result\u00f3 sorprendente y contradictoria, ya que desde un principio se condicion\u00f3 a que no hubiera gastos. Sin embargo, el coste existe, con unas cantidades que hay que pagar en una \u00e9poca en la que las deudas son abrumadoras.<\/p>\n<p>\tLa concentraci\u00f3n de Segovia tampoco agrada en el vestuario. Cambiar el para\u00edso de Mareo por el calor sofocante y los riesgos de tormentas de Segovia no es algo que se entienda. Tal vez el m\u00edster lo explique detalladamente en las primeras charlas de la concentraci\u00f3n, que se asemeja m\u00e1s a unos ejercicios espirituales en un retiro lejano.<\/p>\n<p>\tLa semana se presenta en el Sporting con novedades de relevancia, dentro de una organizaci\u00f3n deficientemente organizada. En los pr\u00f3ximos d\u00edas se presentar\u00e1 a Fernando Losada junior como asesor externo, previo nombramiento oficial en una reuni\u00f3n de consejeros, y al delantero Scepovic, pendientes de otras llegadas y salidas. Jos\u00e9 Luis Rubiera, como jefe de prensa, est\u00e1 en la expedici\u00f3n en la concentraci\u00f3n de Segovia, para atender todo el poder\u00edo informativo que genera el primer equipo del Sporting. El director de comunicaci\u00f3n, principal responsable de esta parcela, se fue de vacaciones, precisamente la semana en la que hace falta una persona para organizar este tipo de actos. Tal vez las cosas salgan mejor, lo que demostrar\u00e1, una vez m\u00e1s, el lujo de un puesto innecesario, pero protegido por los due\u00f1os, en una \u00e9poca de ajustes.<\/p>\n<p>\tEn esto del f\u00fatbol, lo que m\u00e1s importa es que el bal\u00f3n entre. Si es as\u00ed, hasta los desatinos son un acierto.<\/p>\n<!-- AddThis Advanced Settings generic via filter on the_content --><!-- AddThis Share Buttons generic via filter on the_content -->","protected":false},"excerpt":{"rendered":"<p>El Sporting inicia una concentraci\u00f3n de una semana, con la convivencia como principal objetivo de Sandoval. Segovia es el destino elegido para correr por unos pinares y celebrar sesiones en un campo que est\u00e1 en un estado regular, sobre todo en comparaci\u00f3n con los de Mareo, y con una meteorolog\u00eda menos recomendable que la habitual [&hellip;]<!-- AddThis Advanced Settings generic via filter on get_the_excerpt --><!-- AddThis Share Buttons generic via filter on get_the_excerpt --><\/p>\n","protected":false},"author":40,"featured_media":0,"comment_status":"open","ping_status":"open","sticky":false,"template":"","format":"standard","meta":[],"categories":[3],"tags":[],"_links":{"self":[{"href":"https:\/\/blogs.elcomercio.es\/sportingmania\/wp-json\/wp\/v2\/posts\/1352"}],"collection":[{"href":"https:\/\/blogs.elcomercio.es\/sportingmania\/wp-json\/wp\/v2\/posts"}],"about":[{"href":"https:\/\/blogs.elcomercio.es\/sportingmania\/wp-json\/wp\/v2\/types\/post"}],"author":[{"embeddable":true,"href":"https:\/\/blogs.elcomercio.es\/sportingmania\/wp-json\/wp\/v2\/users\/40"}],"replies":[{"embeddable":true,"href":"https:\/\/blogs.elcomercio.es\/sportingmania\/wp-json\/wp\/v2\/comments?post=1352"}],"version-history":[{"count":0,"href":"https:\/\/blogs.elcomercio.es\/sportingmania\/wp-json\/wp\/v2\/posts\/1352\/revisions"}],"wp:attachment":[{"href":"https:\/\/blogs.elcomercio.es\/sportingmania\/wp-json\/wp\/v2\/media?parent=1352"}],"wp:term":[{"taxonomy":"category","embeddable":true,"href":"https:\/\/blogs.elcomercio.es\/sportingmania\/wp-json\/wp\/v2\/categories?post=1352"},{"taxonomy":"post_tag","embeddable":true,"href":"https:\/\/blogs.elcomercio.es\/sportingmania\/wp-json\/wp\/v2\/tags?post=1352"}],"curies":[{"name":"wp","href":"https:\/\/api.w.org\/{rel}","templated":true}]}}