{"id":1371,"date":"2013-07-29T22:45:05","date_gmt":"2013-07-29T22:45:05","guid":{"rendered":"http:\/\/blog.elcomercio.es\/sportingmania\/?p=1371"},"modified":"2013-07-29T22:45:05","modified_gmt":"2013-07-29T22:45:05","slug":"borja-y-julio","status":"publish","type":"post","link":"https:\/\/blogs.elcomercio.es\/sportingmania\/2013\/07\/29\/borja-y-julio\/","title":{"rendered":"Borja y Julio"},"content":{"rendered":"<p>La pol\u00e9mica parece servida en el entorno del Sporting con dos jugadores juveniles que a\u00fan no pudo disfrutar la afici\u00f3n rojiblanca. Se trata de Borja, vendido al M\u00f3naco, y Julio, quien puede irse al Inter.<\/p>\n<p>\tLa venta del gijon\u00e9s se debe a un problema econ\u00f3mico serio. El resultado financiero de la pasada temporada fue ca\u00f3tico y ahora se pagan las consecuencias. Primero fue Trejo, a quien no se pod\u00eda mantener en el equipo con una ficha astron\u00f3mica para Segunda Divisi\u00f3n, y ahora Borja, a quienes seguir\u00e1 Canella. No hay que olvidar los ahorros logrados con las rescisiones de los contratos de Sangoy, Ricardo y Gregory. Y los que faltan a\u00fan de Cu\u00e9llar y, posiblemente, de Lora. Se pondr\u00e1 la plantilla mucho m\u00e1s barata, pero el ascenso, mucho m\u00e1s caro y complicado.<\/p>\n<p>\tEn el caso de Julio, si se confirma la marcha al Inter, anunciada ya por alg\u00fan peri\u00f3dico milan\u00e9s, se debe m\u00e1s a cuestiones deportivas. El central mierense se siente ninguneado por Sandoval. El t\u00e9cnico madrile\u00f1o no lo valor\u00f3 para hacer la pretemporada, pero la decisi\u00f3n estuvo sostenida por el resto de t\u00e9cnicos de Mareo, quienes mantuvieron el criterio de que el chaval estaba \u2018verde\u2019 para ello. Sin embargo, los t\u00e9cnicos del Inter le transmitieron una confianza plena en sus posibilidades. El jugador no mira ahora la parte econ\u00f3mica. A ganar dinero tendr\u00e1 tiempo. A sus 17 a\u00f1os (cumplir\u00e1 18 en diciembre) prefiere ganarse la promoci\u00f3n deportiva.<\/p>\n<p>El Inter parece tener ventaja sobre el jugador en la lucha con el Sporting. Si Julio se va a Italia, por la m\u00f3dica indemnizaci\u00f3n fijada por la UEFA de unos 400.000 euros, \u00bfa qui\u00e9n se le deben pedir responsabilidades?<\/p>\n<!-- AddThis Advanced Settings generic via filter on the_content --><!-- AddThis Share Buttons generic via filter on the_content -->","protected":false},"excerpt":{"rendered":"<p>La pol\u00e9mica parece servida en el entorno del Sporting con dos jugadores juveniles que a\u00fan no pudo disfrutar la afici\u00f3n rojiblanca. Se trata de Borja, vendido al M\u00f3naco, y Julio, quien puede irse al Inter. La venta del gijon\u00e9s se debe a un problema econ\u00f3mico serio. El resultado financiero de la pasada temporada fue ca\u00f3tico [&hellip;]<!-- AddThis Advanced Settings generic via filter on get_the_excerpt --><!-- AddThis Share Buttons generic via filter on get_the_excerpt --><\/p>\n","protected":false},"author":40,"featured_media":0,"comment_status":"open","ping_status":"open","sticky":false,"template":"","format":"standard","meta":[],"categories":[3],"tags":[],"_links":{"self":[{"href":"https:\/\/blogs.elcomercio.es\/sportingmania\/wp-json\/wp\/v2\/posts\/1371"}],"collection":[{"href":"https:\/\/blogs.elcomercio.es\/sportingmania\/wp-json\/wp\/v2\/posts"}],"about":[{"href":"https:\/\/blogs.elcomercio.es\/sportingmania\/wp-json\/wp\/v2\/types\/post"}],"author":[{"embeddable":true,"href":"https:\/\/blogs.elcomercio.es\/sportingmania\/wp-json\/wp\/v2\/users\/40"}],"replies":[{"embeddable":true,"href":"https:\/\/blogs.elcomercio.es\/sportingmania\/wp-json\/wp\/v2\/comments?post=1371"}],"version-history":[{"count":0,"href":"https:\/\/blogs.elcomercio.es\/sportingmania\/wp-json\/wp\/v2\/posts\/1371\/revisions"}],"wp:attachment":[{"href":"https:\/\/blogs.elcomercio.es\/sportingmania\/wp-json\/wp\/v2\/media?parent=1371"}],"wp:term":[{"taxonomy":"category","embeddable":true,"href":"https:\/\/blogs.elcomercio.es\/sportingmania\/wp-json\/wp\/v2\/categories?post=1371"},{"taxonomy":"post_tag","embeddable":true,"href":"https:\/\/blogs.elcomercio.es\/sportingmania\/wp-json\/wp\/v2\/tags?post=1371"}],"curies":[{"name":"wp","href":"https:\/\/api.w.org\/{rel}","templated":true}]}}