{"id":1376,"date":"2013-08-04T22:21:24","date_gmt":"2013-08-04T22:21:24","guid":{"rendered":"http:\/\/blog.elcomercio.es\/sportingmania\/?p=1376"},"modified":"2013-08-04T22:21:24","modified_gmt":"2013-08-04T22:21:24","slug":"objetivos-y-realidades","status":"publish","type":"post","link":"https:\/\/blogs.elcomercio.es\/sportingmania\/2013\/08\/04\/objetivos-y-realidades\/","title":{"rendered":"Objetivos y realidades"},"content":{"rendered":"<p>El Sporting entra en la \u00faltima semana de preparaci\u00f3n de la pretemporada, antes de meterse de lleno en que dar\u00e1 paso a la competici\u00f3n liguera, sin que la plantilla est\u00e9 a\u00fan perfilada del todo.<\/p>\n<p>Los problemas financieros provocan que el grupo deportivo se debilite, en comparaci\u00f3n con el de la campa\u00f1a anterior. No hay m\u00e1s que comparar los que se fueron y los que llegaron. Las bajas fueron Juan Pablo, Ra\u00fal Dom\u00ednguez, Borja, Gregory, Ricardo, Landeira, Juan Mu\u00f1iz, Trejo, Sangoy, David Rodr\u00edguez y Bilic, a quienes pueden sumarse en breve Pedro Orfila y Sergio \u00c1lvarez, a la espera de negociaciones. Las llegadas fueron las de Alberto, L\u00f3pez Garai, Hugo Fraile, Isma L\u00f3pez y Scepovic, adem\u00e1s de la repesca de Bernardo, Bustos y Casquero. A ellos se suman los ascendidos \u00c1lex Men\u00e9ndez, Jara y Guerrero, m\u00e1s los juveniles Julio y \u00c1lex Serrano.<\/p>\n<p>Los objetivos pasan por cuadrar el presupuesto, para lo que es preciso buscar soluciones con los jugadores que tienen unas fichas que no se pueden asumir con los ingresos actuales. Si no hay forma de aumentar las entradas de dinero, hay que buscar la salida de jugadores. En esa incertidumbre est\u00e1n los afectados de la plantilla y el cuadro t\u00e9cnico, lo que a estas alturas es un factor negativo.<\/p>\n<p>Lo ideal es que siga Canella, porque es el mejor para su puesto, y Cu\u00e9llar, para dar competitividad a la porter\u00eda, as\u00ed como Lora, quien parece uno de los que est\u00e1 en mejor forma en este inicio de temporada. Sin embargo, el dinero manda y a menos de dos semanas del inicio a\u00fan no se sabe c\u00f3mo se cerrar\u00e1 la plantilla.<\/p>\n<p>En los objetivos se viene trabajando hace tiempo, pero la realidad es otra diferente.<\/p>\n<!-- AddThis Advanced Settings generic via filter on the_content --><!-- AddThis Share Buttons generic via filter on the_content -->","protected":false},"excerpt":{"rendered":"<p>El Sporting entra en la \u00faltima semana de preparaci\u00f3n de la pretemporada, antes de meterse de lleno en que dar\u00e1 paso a la competici\u00f3n liguera, sin que la plantilla est\u00e9 a\u00fan perfilada del todo. Los problemas financieros provocan que el grupo deportivo se debilite, en comparaci\u00f3n con el de la campa\u00f1a anterior. No hay m\u00e1s [&hellip;]<!-- AddThis Advanced Settings generic via filter on get_the_excerpt --><!-- AddThis Share Buttons generic via filter on get_the_excerpt --><\/p>\n","protected":false},"author":40,"featured_media":0,"comment_status":"open","ping_status":"open","sticky":false,"template":"","format":"standard","meta":[],"categories":[2],"tags":[],"_links":{"self":[{"href":"https:\/\/blogs.elcomercio.es\/sportingmania\/wp-json\/wp\/v2\/posts\/1376"}],"collection":[{"href":"https:\/\/blogs.elcomercio.es\/sportingmania\/wp-json\/wp\/v2\/posts"}],"about":[{"href":"https:\/\/blogs.elcomercio.es\/sportingmania\/wp-json\/wp\/v2\/types\/post"}],"author":[{"embeddable":true,"href":"https:\/\/blogs.elcomercio.es\/sportingmania\/wp-json\/wp\/v2\/users\/40"}],"replies":[{"embeddable":true,"href":"https:\/\/blogs.elcomercio.es\/sportingmania\/wp-json\/wp\/v2\/comments?post=1376"}],"version-history":[{"count":0,"href":"https:\/\/blogs.elcomercio.es\/sportingmania\/wp-json\/wp\/v2\/posts\/1376\/revisions"}],"wp:attachment":[{"href":"https:\/\/blogs.elcomercio.es\/sportingmania\/wp-json\/wp\/v2\/media?parent=1376"}],"wp:term":[{"taxonomy":"category","embeddable":true,"href":"https:\/\/blogs.elcomercio.es\/sportingmania\/wp-json\/wp\/v2\/categories?post=1376"},{"taxonomy":"post_tag","embeddable":true,"href":"https:\/\/blogs.elcomercio.es\/sportingmania\/wp-json\/wp\/v2\/tags?post=1376"}],"curies":[{"name":"wp","href":"https:\/\/api.w.org\/{rel}","templated":true}]}}