{"id":14,"date":"2007-07-21T12:20:21","date_gmt":"2007-07-21T12:20:21","guid":{"rendered":"http:\/\/blogs.elcomercio.es\/sportingmania\/?p=14"},"modified":"2007-07-21T12:20:21","modified_gmt":"2007-07-21T12:20:21","slug":"tratamiento-ex-rojiblanco","status":"publish","type":"post","link":"https:\/\/blogs.elcomercio.es\/sportingmania\/2007\/07\/21\/tratamiento-ex-rojiblanco\/","title":{"rendered":"Tratamiento de ex rojiblanco"},"content":{"rendered":"<p>Uno de los visitantes del blog considera misterioso el trato informativo que se dio recientemente en este peri\u00f3dico al caso Jairo. Tiene raz\u00f3n en el olvido, pero puedo asegurarle que el trato es similar al de otros jugadores cuando dejan de ser rojiblancos. En su momento, cuando fichan por otro club, se da la noticia, pero sin un seguimiento como si viniera al Sporting. As\u00ed se trat\u00f3 la marcha de ex rojiblanco Juan al Poli Ejido. O la de Samuel al Xerez, por poner algunos ejemplos.&nbsp;<br \/>&nbsp;&nbsp;&nbsp;&nbsp;&nbsp;&nbsp;&nbsp;&nbsp; Con el mes de junio, Jairo dej\u00f3 de tener vinculaci\u00f3n con el Sporting y puntualmente se explic\u00f3 que el caso pasaba a ser una cuesti\u00f3n entre el jugador y el Oviedo, aunque ambas partes asum\u00edan que el avilesino no iba a volver a vestirse de azul. De misterioso le aseguro que no tiene nada. Las valoraciones informativas de cada caso tienen influencia de&nbsp;criterios, pero nunca marcadas por la tendenciosidad. Se lo aseguro por m\u00ed y mi entorno.&nbsp;La realidad que m\u00e1s nos importa es la que se refiere al movimiento actual. En ese aspecto, algunos nombres de futbolistas incorporados los ley\u00f3 primero en este diario. <br \/>&nbsp;&nbsp;&nbsp;&nbsp;&nbsp;&nbsp;&nbsp;&nbsp;&nbsp; Aunque es historia pasada, lo que se puede analizar sobre la historia de Jairo en el Sporting es que en los tres \u00faltimos meses de la competici\u00f3n, Preciado dio m\u00e1s presencia al avilesino, pensando en el futuro, m\u00e1s que en el presente, cuando en la planta noble se sab\u00eda que era una de las bajas. Los famosos 300.000 euros no se pagaron porque los t\u00e9cnicos consideran que Jairo no vale ese dinero, despu\u00e9s de las operaciones a las que fue sometido. El tiempo dir\u00e1 si acertaron o no. A nosotros s\u00f3lo nos cabe desearle suerte a Jairo en su nueva singladura.<br \/>&nbsp;&nbsp;&nbsp;&nbsp;&nbsp;&nbsp;&nbsp;&nbsp;&nbsp; En todos los casos, las sugerencias de los visitantes es un est\u00edmulo que agradecemos, as\u00ed como las opiniones, sean coincidentes o discrepantes, que para eso est\u00e1 hecha la tribuna de este blog.<br \/>&nbsp;&nbsp;&nbsp;&nbsp;&nbsp;&nbsp;&nbsp;&nbsp;&nbsp; Por cierto, Vega-Arango ya se est\u00e1 rajando. Quiere llevar los partidos del filial contra el Oviedo a El Molin\u00f3n. Argumenta cuestiones de seguridad. S\u00f3lo falta que ordene poner una alfombra roja para los directivos del Oviedo que no aceptaron reunirse con \u00e9l. Nuestro querido presidente presume de duro. Ver para creer.<\/p>\n<!-- AddThis Advanced Settings generic via filter on the_content --><!-- AddThis Share Buttons generic via filter on the_content -->","protected":false},"excerpt":{"rendered":"<p>Uno de los visitantes del blog considera misterioso el trato informativo que se dio recientemente en este peri\u00f3dico al caso Jairo. Tiene raz\u00f3n en el olvido, pero puedo asegurarle que el trato es similar al de otros jugadores cuando dejan de ser rojiblancos. En su momento, cuando fichan por otro club, se da la noticia, [&hellip;]<!-- AddThis Advanced Settings generic via filter on get_the_excerpt --><!-- AddThis Share Buttons generic via filter on get_the_excerpt --><\/p>\n","protected":false},"author":40,"featured_media":0,"comment_status":"open","ping_status":"open","sticky":false,"template":"","format":"standard","meta":[],"categories":[3],"tags":[],"_links":{"self":[{"href":"https:\/\/blogs.elcomercio.es\/sportingmania\/wp-json\/wp\/v2\/posts\/14"}],"collection":[{"href":"https:\/\/blogs.elcomercio.es\/sportingmania\/wp-json\/wp\/v2\/posts"}],"about":[{"href":"https:\/\/blogs.elcomercio.es\/sportingmania\/wp-json\/wp\/v2\/types\/post"}],"author":[{"embeddable":true,"href":"https:\/\/blogs.elcomercio.es\/sportingmania\/wp-json\/wp\/v2\/users\/40"}],"replies":[{"embeddable":true,"href":"https:\/\/blogs.elcomercio.es\/sportingmania\/wp-json\/wp\/v2\/comments?post=14"}],"version-history":[{"count":0,"href":"https:\/\/blogs.elcomercio.es\/sportingmania\/wp-json\/wp\/v2\/posts\/14\/revisions"}],"wp:attachment":[{"href":"https:\/\/blogs.elcomercio.es\/sportingmania\/wp-json\/wp\/v2\/media?parent=14"}],"wp:term":[{"taxonomy":"category","embeddable":true,"href":"https:\/\/blogs.elcomercio.es\/sportingmania\/wp-json\/wp\/v2\/categories?post=14"},{"taxonomy":"post_tag","embeddable":true,"href":"https:\/\/blogs.elcomercio.es\/sportingmania\/wp-json\/wp\/v2\/tags?post=14"}],"curies":[{"name":"wp","href":"https:\/\/api.w.org\/{rel}","templated":true}]}}