{"id":1592,"date":"2014-06-20T10:00:21","date_gmt":"2014-06-20T10:00:21","guid":{"rendered":"http:\/\/blog.elcomercio.es\/sportingmania\/?p=1592"},"modified":"2014-06-20T10:00:21","modified_gmt":"2014-06-20T10:00:21","slug":"las-vacas-flacas","status":"publish","type":"post","link":"https:\/\/blogs.elcomercio.es\/sportingmania\/2014\/06\/20\/las-vacas-flacas\/","title":{"rendered":"Las vacas flacas"},"content":{"rendered":"<p>El fracaso de la temporada acarrea una serie de consecuencias que programan una \u00e9poca de vacas flacas en el Sporting. La reducci\u00f3n del importe destinado a fichas es dr\u00e1stico, para tener que reducir dos millones de euros en las plantillas de los dos primeros equipos. Ese importe es ligeramente inferior a las fichas de Cu\u00e9llar, Bernardo, Canella, Mandi y Scepovic.<\/p>\n<p>\tLa pr\u00f3xima temporada va a ser dura y con bastante riesgo. Pensar en un equipo con aspiraciones de ascenso a Primera va a resultar poco probable. Por necesidad, se tirar\u00e1 de Mareo, aunque los movimientos y las glosas a la cantera rojiblanca se hacen con demagogia, sin darse cuenta de que no todos los chavales de la cantera tienen nivel para llegar arriba. Adem\u00e1s, los ascensos deben estar bien trabajados y planificados, salvo que sean casos como los de Juan Carlos Ablanedo o Abelardo en su d\u00eda, quienes irrumpieron con fuerza y se ganaron la titularidad el primer d\u00eda.<\/p>\n<p>\tEl peaje de no haber ascendido va a resultar demasiado caro. Los jugadores con fichas que no se pueden mantener tienen la vitola de carta de libertad. Ah\u00ed est\u00e1 el caso de Canella, a punto de irse a Riazor, cedido, para ahorrar los m\u00e1s de 400.000 euros de su ficha. En el mismo camino est\u00e1n Cu\u00e9llar, Bernardo y Mandi, mientras que Scepovic est\u00e1 con el cartel de \u2018traspasable\u2019. Parece poco racional haber asumido este tipo de contratos, que en Primera Divisi\u00f3n se hubieran duplicado. Otro tema es que los jugadores no se olviden de que una gran parte de la responsabilidad de no haber subido es de ellos, por lo que son unas fichas excesivas para unos jugadores de Segunda, claro que ellos no tienen la culpa de que el club se los haya firmado.<\/p>\n<p>El caso del delantero era esperado, porque se sab\u00eda que su salida era un hecho si no se consegu\u00eda el ascenso. El de Bernardo es extra\u00f1o, porque es un jugador necesario en el equipo. Si se marcha Mandi, no se le va a echar de menos y en el caso de Cu\u00e9llar, sus \u2018accidentes\u2019 m\u00e1s recientes parecen tener m\u00e1s peso que otras actuaciones m\u00e1s lejanas, como la manopla de Valladolid.<\/p>\n<p>Los recortes del presupuesto afectar\u00e1n a la plantilla de jugadores. Tambi\u00e9n el cuadro t\u00e9cnico tendr\u00e1 un coste inferior, pero otras parcelas del club mantendr\u00e1n una estructura de Primera, con un puesto duplicado en la comunicaci\u00f3n, una secci\u00f3n de marketing que no genera ingresos y una estructura de t\u00e9cnicos en Mareo que resulta excesiva en una situaci\u00f3n como la actual. Ser\u00eda m\u00e1s conveniente mirarse en el ejemplo de otros clubes m\u00e1s modestos y humildes, que tienen mejores rendimiento, con bastante menos gente.<\/p>\n<p>Cuando Javier Fern\u00e1ndez lleg\u00f3 al club dijo que quer\u00eda que el Sporting funcionara como una empresa. El cambio fue para peor, con un excesivo personalismo de los incorporados, que parecen tener la creencia de que ellos son los que inventaron el f\u00fatbol. Como no entre el bal\u00f3n\u2026<\/p>\n<!-- AddThis Advanced Settings generic via filter on the_content --><!-- AddThis Share Buttons generic via filter on the_content -->","protected":false},"excerpt":{"rendered":"<p>El fracaso de la temporada acarrea una serie de consecuencias que programan una \u00e9poca de vacas flacas en el Sporting. La reducci\u00f3n del importe destinado a fichas es dr\u00e1stico, para tener que reducir dos millones de euros en las plantillas de los dos primeros equipos. Ese importe es ligeramente inferior a las fichas de Cu\u00e9llar, [&hellip;]<!-- AddThis Advanced Settings generic via filter on get_the_excerpt --><!-- AddThis Share Buttons generic via filter on get_the_excerpt --><\/p>\n","protected":false},"author":40,"featured_media":0,"comment_status":"open","ping_status":"open","sticky":false,"template":"","format":"standard","meta":[],"categories":[2,3],"tags":[],"_links":{"self":[{"href":"https:\/\/blogs.elcomercio.es\/sportingmania\/wp-json\/wp\/v2\/posts\/1592"}],"collection":[{"href":"https:\/\/blogs.elcomercio.es\/sportingmania\/wp-json\/wp\/v2\/posts"}],"about":[{"href":"https:\/\/blogs.elcomercio.es\/sportingmania\/wp-json\/wp\/v2\/types\/post"}],"author":[{"embeddable":true,"href":"https:\/\/blogs.elcomercio.es\/sportingmania\/wp-json\/wp\/v2\/users\/40"}],"replies":[{"embeddable":true,"href":"https:\/\/blogs.elcomercio.es\/sportingmania\/wp-json\/wp\/v2\/comments?post=1592"}],"version-history":[{"count":0,"href":"https:\/\/blogs.elcomercio.es\/sportingmania\/wp-json\/wp\/v2\/posts\/1592\/revisions"}],"wp:attachment":[{"href":"https:\/\/blogs.elcomercio.es\/sportingmania\/wp-json\/wp\/v2\/media?parent=1592"}],"wp:term":[{"taxonomy":"category","embeddable":true,"href":"https:\/\/blogs.elcomercio.es\/sportingmania\/wp-json\/wp\/v2\/categories?post=1592"},{"taxonomy":"post_tag","embeddable":true,"href":"https:\/\/blogs.elcomercio.es\/sportingmania\/wp-json\/wp\/v2\/tags?post=1592"}],"curies":[{"name":"wp","href":"https:\/\/api.w.org\/{rel}","templated":true}]}}