{"id":1604,"date":"2014-07-22T08:07:57","date_gmt":"2014-07-22T08:07:57","guid":{"rendered":"http:\/\/blog.elcomercio.es\/sportingmania\/?p=1604"},"modified":"2014-07-22T08:07:57","modified_gmt":"2014-07-22T08:07:57","slug":"epoca-de-ensayos","status":"publish","type":"post","link":"https:\/\/blogs.elcomercio.es\/sportingmania\/2014\/07\/22\/epoca-de-ensayos\/","title":{"rendered":"\u00c9poca de ensayos"},"content":{"rendered":"<p><strong>En la segunda semana de pretemporada empiezan a llegar los primeros partidos de prueba para perfilar el equipo tipo de la Liga.<\/p>\n<p>En principio, las lecturas que puedan hacerse de lo que ense\u00f1en los rojiblancos sobre el c\u00e9sped no tienen una valoraci\u00f3n consistente para el cuadro t\u00e9cnico. A estas alturas, el principal objetivo es dotar a los jugadores de las necesarias reservas f\u00edsicas para afrontar la Liga con plenas garant\u00edas. En cualquier caso, no puede olvidarse que en el f\u00fatbol prima el bal\u00f3n y, aunque los jugadores se muestren cansados, lo que es l\u00f3gico, deben verse detalles de sus valores t\u00e9cnicos. Los t\u00e1cticos son de la parcela que tendr\u00e1 que ordenar Abelardo.<\/p>\n<p>Las primeras piedras de toque ser\u00e1n el Marino, tradicional en el verano rojiblanco, y la selecci\u00f3n de AFE, por un compromiso del club. El conjunto luanqu\u00edn tambi\u00e9n lleva poco tiempo de entrenamiento, mientras que el combinado del sindicato de los futbolistas, compuesto por jugadores sin equipo, tiene una mayor actividad, para tener m\u00e1s en forma a los que se ense\u00f1an en busca de destino.<\/p>\n<p>Sobre el papel y pese al cansancio, el Sporting est\u00e1 obligado a ofrecer algo m\u00e1s que sus rivales. Esta es la teor\u00eda en condiciones normales, pero no es el caso por la situaci\u00f3n de incertidumbre que afecta a la mitad de la plantilla.<\/p>\n<p>Por un lado, los partidos servir\u00e1n para que se vean los planes de Abelardo, de los que se cayeron algunos futbolistas que no est\u00e1n  en su dise\u00f1o de equipo. Es el caso de Mendy, cuyo destino parece que estar\u00e1 fuera de Espa\u00f1a, o de Isma L\u00f3pez, un jugador de fenomenales virtudes, pero sin car\u00e1cter. Tambi\u00e9n queda fuera Adama Tour\u00e9, sin mentalidad para jugar en el Sporting. Tampoco Mandi va a tener preferencias y, probablemente, \u00c1lex Serrano. Son algunos ejemplos de los que lo normal es que casi no se les vea en el escaparate de la pretemporada gijonesa.<\/p>\n<p>En otro apartado est\u00e1n los jugadores a los que no se les puede pagar la ficha. No haber previsto esta situaci\u00f3n es un error de planificaci\u00f3n cuya consecuencia se paga ahora. As\u00ed est\u00e1n Cu\u00e9llar, lo que afecta a Alberto, Bernardo y Scepovic. Se tiene un convencimiento de que el goleador serbio va a tener salida, aunque la duda es cu\u00e1ndo y a qu\u00e9 precio, con un dinero que ya tiene destino.<\/p>\n<p>La situaci\u00f3n de incertidumbre en la plantilla es un factor negativo que Abelardo tendr\u00e1 que a\u00f1adir a los problemas a lidiar, con el objetivo de que se acuse lo menos posible. La parte positiva es la ilusi\u00f3n que aportan los que llegan con la intenci\u00f3n de hacer m\u00e9ritos para estar ah\u00ed. Juan Mu\u00f1iz regres\u00f3 con una mentalidad diferente tras su paso por el Mirand\u00e9s y de Rachid se espera que la calidad que se le atribuye no tenga intermitencia.<\/p>\n<p>En cualquier caso, hac\u00eda muchas pretemporadas que no se palpaba un panorama tan extra\u00f1o, que convendr\u00eda anular cuando antes. Esta circunstancia depende de las gestiones que se hagan desde la \u2018planta noble\u2019, que es la que tiene la principal responsabilidad de haber llegado a una problem\u00e1tica situaci\u00f3n econ\u00f3mica, que influye negativamente en la deportiva.<\/strong><\/p>\n<!-- AddThis Advanced Settings generic via filter on the_content --><!-- AddThis Share Buttons generic via filter on the_content -->","protected":false},"excerpt":{"rendered":"<p>En la segunda semana de pretemporada empiezan a llegar los primeros partidos de prueba para perfilar el equipo tipo de la Liga. En principio, las lecturas que puedan hacerse de lo que ense\u00f1en los rojiblancos sobre el c\u00e9sped no tienen una valoraci\u00f3n consistente para el cuadro t\u00e9cnico. A estas alturas, el principal objetivo es dotar [&hellip;]<!-- AddThis Advanced Settings generic via filter on get_the_excerpt --><!-- AddThis Share Buttons generic via filter on get_the_excerpt --><\/p>\n","protected":false},"author":40,"featured_media":0,"comment_status":"open","ping_status":"open","sticky":false,"template":"","format":"standard","meta":[],"categories":[2,3],"tags":[],"_links":{"self":[{"href":"https:\/\/blogs.elcomercio.es\/sportingmania\/wp-json\/wp\/v2\/posts\/1604"}],"collection":[{"href":"https:\/\/blogs.elcomercio.es\/sportingmania\/wp-json\/wp\/v2\/posts"}],"about":[{"href":"https:\/\/blogs.elcomercio.es\/sportingmania\/wp-json\/wp\/v2\/types\/post"}],"author":[{"embeddable":true,"href":"https:\/\/blogs.elcomercio.es\/sportingmania\/wp-json\/wp\/v2\/users\/40"}],"replies":[{"embeddable":true,"href":"https:\/\/blogs.elcomercio.es\/sportingmania\/wp-json\/wp\/v2\/comments?post=1604"}],"version-history":[{"count":0,"href":"https:\/\/blogs.elcomercio.es\/sportingmania\/wp-json\/wp\/v2\/posts\/1604\/revisions"}],"wp:attachment":[{"href":"https:\/\/blogs.elcomercio.es\/sportingmania\/wp-json\/wp\/v2\/media?parent=1604"}],"wp:term":[{"taxonomy":"category","embeddable":true,"href":"https:\/\/blogs.elcomercio.es\/sportingmania\/wp-json\/wp\/v2\/categories?post=1604"},{"taxonomy":"post_tag","embeddable":true,"href":"https:\/\/blogs.elcomercio.es\/sportingmania\/wp-json\/wp\/v2\/tags?post=1604"}],"curies":[{"name":"wp","href":"https:\/\/api.w.org\/{rel}","templated":true}]}}