{"id":1611,"date":"2014-07-26T09:16:21","date_gmt":"2014-07-26T09:16:21","guid":{"rendered":"http:\/\/blog.elcomercio.es\/sportingmania\/?p=1611"},"modified":"2014-07-26T09:16:21","modified_gmt":"2014-07-26T09:16:21","slug":"una-peligrosa-inestabilidad","status":"publish","type":"post","link":"https:\/\/blogs.elcomercio.es\/sportingmania\/2014\/07\/26\/una-peligrosa-inestabilidad\/","title":{"rendered":"Una peligrosa inestabilidad"},"content":{"rendered":"<p><strong>La situaci\u00f3n del Sporting es de las m\u00e1s inc\u00f3modas de los \u00faltimos a\u00f1os. No haber logrado el programado ascenso a Primera Divisi\u00f3n caus\u00f3 m\u00e1s da\u00f1os de los previstos.<\/p>\n<p>La soluci\u00f3n de los problemas econ\u00f3micos est\u00e1 pendiente de los traspasos y de las reducciones de las fichas m\u00e1s altas, con menos avances de los que se esperaban. Esta situaci\u00f3n parece haber generado cierto nerviosismo, porque en el seno del consejo se aprecia una peligrosa inestabilidad.<\/p>\n<p>Hasta hace algo menos de dos a\u00f1os, el equipo dirigente ten\u00eda un perfecto ensamblaje, al margen de los aciertos y los errores. Ahora, despu\u00e9s de los cambios propiciados por Javier Fern\u00e1ndez, el consejo navega en un ambiente tenso y extra\u00f1o. El representante del capital, que crey\u00f3 que llegaba con la soluci\u00f3n bajo el brazo, se obsesion\u00f3 con buscar un funcionamiento empresarial. El resultado fue el aumento de personal y de gastos, sin mejorar la imagen del club. Al rev\u00e9s de lo necesario.<\/p>\n<p>En el consejo no hay identificaci\u00f3n entre sus miembros, lo que preocupa al m\u00e1ximo accionista, que lo sabe todo, sin, supuestamente, intervenir en nada. Su punto de vista, aunque a distancia, parece chocar con un problema generacional. O sea, que los Fern\u00e1ndez no tienen criterios unificados.<\/p>\n<p>El consejo tiene varios apartados. Antonio Veiga representa la prudencia, convencido de que las gestiones encargadas a Garc\u00eda Amado, brazo ejecutor del consejo, van a dar sus frutos para salir de la crisis financiera que ahora envuelve al club. Todo lo contrario que los asesores, quienes transmiten una imagen de alarma.<\/p>\n<p>A Losada parece hab\u00e9rsele pasado el enfado tras no haberle hecho caso en su tesis de rebajar m\u00e1s el precio de los abonos, sin tener argumentos de ingresos para equilibrarlos. Como experto en marketing y publicidad no se le conoce ninguna gesti\u00f3n en favor del club, mientras que las negociaciones, como antes de los cambios, se siguen haciendo desde la oficina de Carlos Barcia. Primer dilema.<\/p>\n<p>En la parcela deportiva, la labor de I\u00f1aki Era\u00f1a, hombre de confianza de los Veteranos, parece paralela a la de Lozano, hombre de confianza de Veiga y Javier Fern\u00e1ndez. Segundo dilema.<\/p>\n<p>Al vicepresidente lo apoya casi siempre su amigo Javier Mart\u00ednez, a quien fich\u00f3 para ese cometido en el consejo. De todas formas, el empresario hostelero aporta cierto equilibrio en las opiniones de una materia que antes s\u00f3lo conoc\u00eda como aficionado.<\/p>\n<p>Veiga no es presidencialista y se muestra excesivamente respetuoso con la representaci\u00f3n del capital. Javier Fern\u00e1ndez interviene ahora m\u00e1s en el plano financiero, adem\u00e1s de haber elegido a los asesores, a quienes tal vez no explic\u00f3 bien sus funciones.<\/p>\n<p>En cualquier caso, la realidad del Sporting es que hay un problema econ\u00f3mico al que se le buscan soluciones, pero con un consejo que no es un ejemplo de estabilidad. El \u00fanico que puede arreglarlo es Javier Fern\u00e1ndez, que fue quien lo organiz\u00f3. Antes, ser\u00eda conveniente que se convenciera con un an\u00e1lisis de conciencia sobre los errores que cometi\u00f3, para rectificarlos. Por el bien del club.<\/p>\n<!-- AddThis Advanced Settings generic via filter on the_content --><!-- AddThis Share Buttons generic via filter on the_content -->","protected":false},"excerpt":{"rendered":"<p>La situaci\u00f3n del Sporting es de las m\u00e1s inc\u00f3modas de los \u00faltimos a\u00f1os. No haber logrado el programado ascenso a Primera Divisi\u00f3n caus\u00f3 m\u00e1s da\u00f1os de los previstos. La soluci\u00f3n de los problemas econ\u00f3micos est\u00e1 pendiente de los traspasos y de las reducciones de las fichas m\u00e1s altas, con menos avances de los que se [&hellip;]<!-- AddThis Advanced Settings generic via filter on get_the_excerpt --><!-- AddThis Share Buttons generic via filter on get_the_excerpt --><\/p>\n","protected":false},"author":40,"featured_media":0,"comment_status":"open","ping_status":"open","sticky":false,"template":"","format":"standard","meta":[],"categories":[2,3],"tags":[],"_links":{"self":[{"href":"https:\/\/blogs.elcomercio.es\/sportingmania\/wp-json\/wp\/v2\/posts\/1611"}],"collection":[{"href":"https:\/\/blogs.elcomercio.es\/sportingmania\/wp-json\/wp\/v2\/posts"}],"about":[{"href":"https:\/\/blogs.elcomercio.es\/sportingmania\/wp-json\/wp\/v2\/types\/post"}],"author":[{"embeddable":true,"href":"https:\/\/blogs.elcomercio.es\/sportingmania\/wp-json\/wp\/v2\/users\/40"}],"replies":[{"embeddable":true,"href":"https:\/\/blogs.elcomercio.es\/sportingmania\/wp-json\/wp\/v2\/comments?post=1611"}],"version-history":[{"count":0,"href":"https:\/\/blogs.elcomercio.es\/sportingmania\/wp-json\/wp\/v2\/posts\/1611\/revisions"}],"wp:attachment":[{"href":"https:\/\/blogs.elcomercio.es\/sportingmania\/wp-json\/wp\/v2\/media?parent=1611"}],"wp:term":[{"taxonomy":"category","embeddable":true,"href":"https:\/\/blogs.elcomercio.es\/sportingmania\/wp-json\/wp\/v2\/categories?post=1611"},{"taxonomy":"post_tag","embeddable":true,"href":"https:\/\/blogs.elcomercio.es\/sportingmania\/wp-json\/wp\/v2\/tags?post=1611"}],"curies":[{"name":"wp","href":"https:\/\/api.w.org\/{rel}","templated":true}]}}