{"id":1618,"date":"2014-08-02T09:12:25","date_gmt":"2014-08-02T09:12:25","guid":{"rendered":"http:\/\/blog.elcomercio.es\/sportingmania\/?p=1618"},"modified":"2014-08-02T09:12:25","modified_gmt":"2014-08-02T09:12:25","slug":"una-patata-caliente","status":"publish","type":"post","link":"https:\/\/blogs.elcomercio.es\/sportingmania\/2014\/08\/02\/una-patata-caliente\/","title":{"rendered":"Una patata caliente"},"content":{"rendered":"<p><strong>Los criterios del cuadro t\u00e9cnico sobre los jugadores de la primera plantilla ya est\u00e1n bien perfilados. Abelardo tiene decidido qu\u00e9 futbolistas no desea mantener en el plantel, pero no sabe si se ver\u00e1 obligado a asumirlos, por aquello de los contratos en vigor y la falta de destinos para acomodarlos. Tambi\u00e9n tiene claro los refuerzos que ser\u00edan convenientes, que son m\u00e1s de los que el club podr\u00e1 atender.<\/p>\n<p>El t\u00e9cnico gijon\u00e9s conoce c\u00f3mo est\u00e1n las cuentas, por lo que deber\u00e1 adaptarse a las circunstancias. En este caso encaja la famosa frase de Maceda en Albacete: \u00abEsto es lo que hay\u00bb. Por eso, en el cuerpo t\u00e9cnico deber\u00edan erradicarse los pulsos internos, para afrontar la realidad como es, seguro que diferente a c\u00f3mo querr\u00edan dibujarla tanto Abelardo como Lozano.<\/p>\n<p>Ya se sabe que el preparador rojiblanco no cuenta con Isma L\u00f3pez, Adama Tour\u00e9 y Mendy, adem\u00e1s de no tener en cuenta a Mandi. En total, m\u00e1s de 600.000 euros que quedar\u00e1n inmovilizados esta temporada. Alguien deber\u00eda explicar los motivos de tantos bandazos en la valoraci\u00f3n de los futbolistas, quienes un d\u00eda son clave en un proyecto y tres meses despu\u00e9s no tienen ning\u00fan valor. Nadie se salva.<\/p>\n<p>Est\u00e1 pendiente una decisi\u00f3n oficial sobre \u00c1lex Serrano, quien adquiri\u00f3 un protagonismo pasivo, sin quererlo el joven atacante. En principio, Abelardo no cuenta con el barcelon\u00e9s para su equipo titular tipo. Es un futbolista al que no ve como delantero espec\u00edfico, demarcaci\u00f3n en la que no destaca con las cifras goleadoras propias del puesto, y como media punta sobresale por sus virtudes t\u00e9cnicas y visi\u00f3n de f\u00fatbol cuando tiene el bal\u00f3n, pero no encaja en su estilo el desgaste para la recuperaci\u00f3n cuando el rival controla el juego. Como pivote, sitio que no le va bien, acusa m\u00e1s la falta de sentido defensivo.<\/p>\n<p>El futbolista no descarta jugar en el filial, ya que otro a\u00f1o inactivo ser\u00eda un lastre en su carrera, pese a que le quedan muchos a\u00f1os para disfrutar del f\u00fatbol. Sin embargo, esta opci\u00f3n, que le vendr\u00eda bien al primer entrenador, no se ve tan bien en el resto del club. Adem\u00e1s, es inapropiado tener un jugador con una ficha tan desorbitada en un filial.<\/p>\n<p>En su momento, el Sporting acept\u00f3 la propuesta del agente de \u00c1lex Serrano, porque se ten\u00eda confianza en que su proyecci\u00f3n hubiera sido m\u00e1s r\u00e1pida. Aunque entonces ya se asumi\u00f3 que las cifras que se manejaron no pod\u00edan soportarse, hab\u00eda un temor a que el chaval eclosionara en otro club.<br \/>\nEl mismo temor se repite a un a\u00f1o de la conclusi\u00f3n del contrato, como ya existi\u00f3 en el pasado mes de enero, cuando surgi\u00f3 una propuesta de cesi\u00f3n por parte del Celta, con una opci\u00f3n de compra. El Sporting rehus\u00f3 esta alternativa.<\/p>\n<p>A tres semanas del inicio de la Liga, la situaci\u00f3n de \u00c1lex Serrano no est\u00e1 definida en el club gijon\u00e9s, lo que debe preocupar al futbolista, quien se dedica a entrenarse, pendiente de que en Mareo se mueva ficha. El cuerpo t\u00e9cnico y el consejo no tienen excesiva confianza en el jugador, pero temen que pueda triunfar en otro equipo. Al no aclararse, el caso se les convirit\u00f3 en una patata caliente.<\/p>\n<!-- AddThis Advanced Settings generic via filter on the_content --><!-- AddThis Share Buttons generic via filter on the_content -->","protected":false},"excerpt":{"rendered":"<p>Los criterios del cuadro t\u00e9cnico sobre los jugadores de la primera plantilla ya est\u00e1n bien perfilados. Abelardo tiene decidido qu\u00e9 futbolistas no desea mantener en el plantel, pero no sabe si se ver\u00e1 obligado a asumirlos, por aquello de los contratos en vigor y la falta de destinos para acomodarlos. Tambi\u00e9n tiene claro los refuerzos [&hellip;]<!-- AddThis Advanced Settings generic via filter on get_the_excerpt --><!-- AddThis Share Buttons generic via filter on get_the_excerpt --><\/p>\n","protected":false},"author":40,"featured_media":0,"comment_status":"open","ping_status":"open","sticky":false,"template":"","format":"standard","meta":[],"categories":[2,3],"tags":[],"_links":{"self":[{"href":"https:\/\/blogs.elcomercio.es\/sportingmania\/wp-json\/wp\/v2\/posts\/1618"}],"collection":[{"href":"https:\/\/blogs.elcomercio.es\/sportingmania\/wp-json\/wp\/v2\/posts"}],"about":[{"href":"https:\/\/blogs.elcomercio.es\/sportingmania\/wp-json\/wp\/v2\/types\/post"}],"author":[{"embeddable":true,"href":"https:\/\/blogs.elcomercio.es\/sportingmania\/wp-json\/wp\/v2\/users\/40"}],"replies":[{"embeddable":true,"href":"https:\/\/blogs.elcomercio.es\/sportingmania\/wp-json\/wp\/v2\/comments?post=1618"}],"version-history":[{"count":0,"href":"https:\/\/blogs.elcomercio.es\/sportingmania\/wp-json\/wp\/v2\/posts\/1618\/revisions"}],"wp:attachment":[{"href":"https:\/\/blogs.elcomercio.es\/sportingmania\/wp-json\/wp\/v2\/media?parent=1618"}],"wp:term":[{"taxonomy":"category","embeddable":true,"href":"https:\/\/blogs.elcomercio.es\/sportingmania\/wp-json\/wp\/v2\/categories?post=1618"},{"taxonomy":"post_tag","embeddable":true,"href":"https:\/\/blogs.elcomercio.es\/sportingmania\/wp-json\/wp\/v2\/tags?post=1618"}],"curies":[{"name":"wp","href":"https:\/\/api.w.org\/{rel}","templated":true}]}}