{"id":1621,"date":"2014-08-13T08:55:11","date_gmt":"2014-08-13T08:55:11","guid":{"rendered":"http:\/\/blog.elcomercio.es\/sportingmania\/?p=1621"},"modified":"2014-08-13T08:55:11","modified_gmt":"2014-08-13T08:55:11","slug":"una-porteria-con-garantias","status":"publish","type":"post","link":"https:\/\/blogs.elcomercio.es\/sportingmania\/2014\/08\/13\/una-porteria-con-garantias\/","title":{"rendered":"Una porter\u00eda con garant\u00edas"},"content":{"rendered":"<p><strong>El puesto de guardameta es uno de los m\u00e1s importantes de un equipo. La solidez defensiva empieza por la porter\u00eda y esa es una de las premisas de Abelardo. En su \u00e9poca de jugador rojiblanco, sab\u00eda que no era igual tener detr\u00e1s a Ablanedo que a otro cancerbero, por poner un ejemplo.<\/p>\n<p>En los \u00faltimos d\u00edas, el guardameta Alberto Garc\u00eda mare\u00f3 la perdiz en exceso sobre su futuro en el Sporting. El cancerbero catal\u00e1n quer\u00eda irse para jugar y no seguir calentando banquillo. Sin embargo, no hab\u00eda cerrado su fichaje por Las Palmas antes de acordar su salida de Gij\u00f3n. La situaci\u00f3n careci\u00f3 de seriedad por su parte, con una imagen dubitativa, en una iniciativa para irse que fue suya.<\/p>\n<p>La continuidad de Alberto es buena para Abelardo, quien siempre quiso contar con dos porteros de garant\u00edas. En este aspecto, las cualidades de Cu\u00e9llar son conocidas y parece que el extreme\u00f1o tiene asimiladas las lecciones por las caras frivolidades del final de la pasada campa\u00f1a. En condiciones normales es un gran portero. Alberto, aunque se le haya visto poco, tiene experiencia y cualidades para luchar por el puesto.<\/p>\n<p>La porter\u00eda es ahora m\u00e1s cara, pero tiene mejores garant\u00edas. El objetivo del club gijon\u00e9s era la salida de Cu\u00e9llar, por motivos econ\u00f3micos. Ahora, las circunstancias actuales obligan a negociar una adaptaci\u00f3n de sus haberes.<\/p>\n<p>Aunque Abelardo deseaba estas garant\u00edas, en la \u2018planta noble\u2019 nunca hubo preocupaciones por la posible salida de Alberto. La consideraci\u00f3n argumentada es que si el portero del filial no tiene cualidades para ser segundo cancerbero del primer equipo es porque en Mareo no se hacen las cosas bien. Con la marcha de Alberto se hubiera aligerado la n\u00f3mina del primer equipo, que ahora es uno de los objetivos prioritarios, dadas las complicaciones financieras arrastradas por no haber ascendido.<\/p>\n<p>La opci\u00f3n de recambio es Dennis, a quien Abelardo conoce bien de las dos pasadas temporadas. Son las garant\u00edas de la porter\u00eda, porque el resto de porteros est\u00e1n muy verdes para alguna emergencia. El resto de alternativas son el catal\u00e1n Pol Busquets, un guardameta que lleg\u00f3 con poco rodaje de su estancia en el filial \u2018colchonero\u2019, y Chechu, con m\u00e1s futuro que presente, tras acabar su edad juvenil.<\/p>\n<p>Es extra\u00f1o que Mareo no haya m\u00e1s garant\u00edas de porteros en los filiales, cuando la parcela de tecnificaci\u00f3n con guardametas es la que m\u00e1s se mima. La coordinaci\u00f3n corre a cargo de Sergio S\u00e1nchez, a quien tambi\u00e9n se le asigna el segundo juvenil y el cargo de auxiliar de Tom\u00e1s en el Sporting B. Es la soluci\u00f3n adoptada para rentabilizarlo. En este aspecto, el organigrama de Mareo deber\u00eda ser m\u00e1s funcional y menos costoso, sobre todo en \u00e9pocas de crisis, adem\u00e1s de tener una composici\u00f3n m\u00e1s coherente y un sentido m\u00e1s pr\u00e1ctico.<\/p>\n<p>El \u00e1rea de perfeccionamiento de porteros se cre\u00f3 hace un a\u00f1o, aunque el funcionamiento en la pr\u00e1ctica es como el que hab\u00eda antes con Vidales. Hubo cambios en el sistema de elecci\u00f3n de monitores, con preferencias interesadas a las que se buscan justificaciones, pero lo que vale es que los guardametas salgan preparados para competir y no es el caso. Esta temporada, para el filial hubo que fichar un portero for\u00e1neo, adem\u00e1s de haber tenido a un alem\u00e1n desconocido a prueba. No es un buen camino, aunque lo que m\u00e1s vale es que el primer equipo tenga las necesidades bien cubiertas.<\/p>\n<!-- AddThis Advanced Settings generic via filter on the_content --><!-- AddThis Share Buttons generic via filter on the_content -->","protected":false},"excerpt":{"rendered":"<p>El puesto de guardameta es uno de los m\u00e1s importantes de un equipo. La solidez defensiva empieza por la porter\u00eda y esa es una de las premisas de Abelardo. En su \u00e9poca de jugador rojiblanco, sab\u00eda que no era igual tener detr\u00e1s a Ablanedo que a otro cancerbero, por poner un ejemplo. En los \u00faltimos [&hellip;]<!-- AddThis Advanced Settings generic via filter on get_the_excerpt --><!-- AddThis Share Buttons generic via filter on get_the_excerpt --><\/p>\n","protected":false},"author":40,"featured_media":0,"comment_status":"open","ping_status":"open","sticky":false,"template":"","format":"standard","meta":[],"categories":[2,3],"tags":[],"_links":{"self":[{"href":"https:\/\/blogs.elcomercio.es\/sportingmania\/wp-json\/wp\/v2\/posts\/1621"}],"collection":[{"href":"https:\/\/blogs.elcomercio.es\/sportingmania\/wp-json\/wp\/v2\/posts"}],"about":[{"href":"https:\/\/blogs.elcomercio.es\/sportingmania\/wp-json\/wp\/v2\/types\/post"}],"author":[{"embeddable":true,"href":"https:\/\/blogs.elcomercio.es\/sportingmania\/wp-json\/wp\/v2\/users\/40"}],"replies":[{"embeddable":true,"href":"https:\/\/blogs.elcomercio.es\/sportingmania\/wp-json\/wp\/v2\/comments?post=1621"}],"version-history":[{"count":0,"href":"https:\/\/blogs.elcomercio.es\/sportingmania\/wp-json\/wp\/v2\/posts\/1621\/revisions"}],"wp:attachment":[{"href":"https:\/\/blogs.elcomercio.es\/sportingmania\/wp-json\/wp\/v2\/media?parent=1621"}],"wp:term":[{"taxonomy":"category","embeddable":true,"href":"https:\/\/blogs.elcomercio.es\/sportingmania\/wp-json\/wp\/v2\/categories?post=1621"},{"taxonomy":"post_tag","embeddable":true,"href":"https:\/\/blogs.elcomercio.es\/sportingmania\/wp-json\/wp\/v2\/tags?post=1621"}],"curies":[{"name":"wp","href":"https:\/\/api.w.org\/{rel}","templated":true}]}}