{"id":1625,"date":"2014-08-22T08:09:06","date_gmt":"2014-08-22T08:09:06","guid":{"rendered":"http:\/\/blog.elcomercio.es\/sportingmania\/?p=1625"},"modified":"2014-08-22T08:09:06","modified_gmt":"2014-08-22T08:09:06","slug":"un-problema-arrastrado","status":"publish","type":"post","link":"https:\/\/blogs.elcomercio.es\/sportingmania\/2014\/08\/22\/un-problema-arrastrado\/","title":{"rendered":"Un problema arrastrado"},"content":{"rendered":"<p><strong>Pendiente del inicio de la Liga, que es lo m\u00e1s importante, la actualidad del Sporting tambi\u00e9n pasa por las salidas de jugadores, sin pensar en refuerzos. Desde que se consum\u00f3 el fracaso deportivo de la campa\u00f1a anterior, los planes del club estaban centrados en regularizar el coste de la plantilla. Se hab\u00eda hecho una apuesta fuerte, con un riesgo econ\u00f3mico importante, pero el resultado final fue adverso.<\/p>\n<p>Los equilibrios financieros empezaron con la marcha de los jugadores que acabaron contrato, a los que se sum\u00f3 la cesi\u00f3n de Canella, para evitar una ficha inasumible, sin encontrar en el mercado pulsado alguna alternativa de traspaso. El resto de c\u00e1lculos se hicieron con las ventas de Scepovic y \u00c1lex Barrera, quienes a\u00fan siguen en la parrilla de salida. El goleador serbio est\u00e1 cerca del Celtic, que parece haber mostrado un inter\u00e9s m\u00e1s firme que otros clubes que se interesaron por la situaci\u00f3n del jugador balc\u00e1nico. En el caso del centrocampista de Viella, sin oferta en firme, tendr\u00e1 el escaparate de Los Pajaritos para volver a dejarse ver.<\/p>\n<p>Hay otras salidas m\u00e1s deseadas que posibles. Son las de Mandi, Mendy y Adama. El canario no se dio cuenta a\u00fan que es el quinto centrocampista en orden de prioridades en los planes de Abelardo. Incluso podr\u00eda tener complicado entrar en las convocatorias.<\/p>\n<p>El extremo francosenegal\u00e9s, conocedor de que no cuenta, tambi\u00e9n sabe los motivos. El pasado jueves, con una tierna inocencia, pidi\u00f3 explicaciones sobre su situaci\u00f3n, que ya se le hab\u00eda transmitido con anterioridad. El pasotismo tiene un peaje y si quiere jugar, su representante, ahora Felipe Mart\u00ednez, deber\u00e1 buscarle un destino fuera de Mareo. En el caso del delantero mal\u00ed, quiere jugar en el filial, para no estar inactivo. Con esta medida cerrar\u00eda el paso a jugadores con proyecci\u00f3n, como Ndi y Pablo P\u00e9rez. Es una soluci\u00f3n absurda y, por su dedicaci\u00f3n, aqu\u00ed ya no pinta nada. Sin embargo, los tres jugadores tienen contratos en vigor, que el club debe asumir, aunque los c\u00e1lculos sobre sus rendimientos hayan fallado.<\/p>\n<p>El problema del Sporting es el importe de las fichas. En las dos \u00faltimas campa\u00f1as no se tuvo en cuenta esta circunstancia. Se sab\u00eda que el ascenso era necesario, porque la viabilidad del club en Segunda, con la estructura actual, no puede mantenerse. El consejo de administraci\u00f3n lo sabe. Los dirigentes son conscientes de ello y de la poca rentabilidad de determinados puestos, pero, sorprendentemente, no se hace nada por regularizarlo.<\/p>\n<p>La consecuencia de tener asumida una estructura de gastos en la plantilla impide que el equipo pueda reforzarse convenientemente. Lekic estaba al alcance, pero no s\u00f3lo no hay dinero, sino que hay que reducir el plantel en m\u00e1s de un mill\u00f3n de euros. Incluso con la previsible salida de Scepovic, aunque se sume la de Barrera y la de los tres que no cuentan para Abelardo, el club gijon\u00e9s tampoco podr\u00eda fichar a nadie.<\/p>\n<p>Es sorprendente que el Sporting sea el \u00fanico club de la Liga Profesional que no pueda fichar por tener el l\u00edmite salarial muy saturado, pero es lo que hay. Y con ello hay que empezar frente al  Numancia, un club mejor ordenado internamente, pero deportivamente accesible. Pese a todo.<\/p>\n<!-- AddThis Advanced Settings generic via filter on the_content --><!-- AddThis Share Buttons generic via filter on the_content -->","protected":false},"excerpt":{"rendered":"<p>Pendiente del inicio de la Liga, que es lo m\u00e1s importante, la actualidad del Sporting tambi\u00e9n pasa por las salidas de jugadores, sin pensar en refuerzos. Desde que se consum\u00f3 el fracaso deportivo de la campa\u00f1a anterior, los planes del club estaban centrados en regularizar el coste de la plantilla. Se hab\u00eda hecho una apuesta [&hellip;]<!-- AddThis Advanced Settings generic via filter on get_the_excerpt --><!-- AddThis Share Buttons generic via filter on get_the_excerpt --><\/p>\n","protected":false},"author":40,"featured_media":0,"comment_status":"open","ping_status":"open","sticky":false,"template":"","format":"standard","meta":[],"categories":[2,3],"tags":[],"_links":{"self":[{"href":"https:\/\/blogs.elcomercio.es\/sportingmania\/wp-json\/wp\/v2\/posts\/1625"}],"collection":[{"href":"https:\/\/blogs.elcomercio.es\/sportingmania\/wp-json\/wp\/v2\/posts"}],"about":[{"href":"https:\/\/blogs.elcomercio.es\/sportingmania\/wp-json\/wp\/v2\/types\/post"}],"author":[{"embeddable":true,"href":"https:\/\/blogs.elcomercio.es\/sportingmania\/wp-json\/wp\/v2\/users\/40"}],"replies":[{"embeddable":true,"href":"https:\/\/blogs.elcomercio.es\/sportingmania\/wp-json\/wp\/v2\/comments?post=1625"}],"version-history":[{"count":0,"href":"https:\/\/blogs.elcomercio.es\/sportingmania\/wp-json\/wp\/v2\/posts\/1625\/revisions"}],"wp:attachment":[{"href":"https:\/\/blogs.elcomercio.es\/sportingmania\/wp-json\/wp\/v2\/media?parent=1625"}],"wp:term":[{"taxonomy":"category","embeddable":true,"href":"https:\/\/blogs.elcomercio.es\/sportingmania\/wp-json\/wp\/v2\/categories?post=1625"},{"taxonomy":"post_tag","embeddable":true,"href":"https:\/\/blogs.elcomercio.es\/sportingmania\/wp-json\/wp\/v2\/tags?post=1625"}],"curies":[{"name":"wp","href":"https:\/\/api.w.org\/{rel}","templated":true}]}}