{"id":1645,"date":"2014-09-12T07:42:41","date_gmt":"2014-09-12T07:42:41","guid":{"rendered":"http:\/\/blog.elcomercio.es\/sportingmania\/?p=1645"},"modified":"2014-09-12T07:42:41","modified_gmt":"2014-09-12T07:42:41","slug":"mejor-pensar-solo-en-la-liga","status":"publish","type":"post","link":"https:\/\/blogs.elcomercio.es\/sportingmania\/2014\/09\/12\/mejor-pensar-solo-en-la-liga\/","title":{"rendered":"Mejor pensar s\u00f3lo en la Liga"},"content":{"rendered":"<p>Los contratiempos tambi\u00e9n tienen lecturas positivas. La participaci\u00f3n del Sporting en la Copa del Rey era m\u00e1s contraproducente que beneficiosa. Deportivamente, se provoca un desgaste a\u00f1adido que se necesita para la Liga, que es el principal objetivo. Econ\u00f3micamente es una competici\u00f3n que genera demasiados gastos para los clubes de Segunda.<\/p>\n<p>Las cuentas son claras. La primera eliminatoria se disputa frente a un rival de la categor\u00eda con escaso atractivo. Eso significa que los gastos de organizaci\u00f3n del partido del desplazamiento no compensan. Si se pasa la ronda, el siguiente compromiso ser\u00e1 igual, contra otro rival sin inter\u00e9s. Y, en el caso de seguir adelante, el tercer enemigo ser\u00eda un Primera, pero no de los de Champions. O sea, otro lance no taquillero. Eso no permite pensar en una participaci\u00f3n en la Copa con beneficios o que por lo menos sirva para reducir los ratios de Tebas.<\/p>\n<p>La competici\u00f3n copera est\u00e1 mal estructurada. Se hicieron algunos inventos que perjudican a los clubes de Segunda Divisi\u00f3n, que son los m\u00e1s castigados del f\u00fatbol espa\u00f1ol. Es un aspecto que deber\u00edan analizar minuciosamente los responsables de la Real Federaci\u00f3n Espa\u00f1ola de F\u00fatbol. Quiz\u00e1s sea m\u00e1s conveniente volver a los tiempos en los que la Copa era para los equipos profesionales, o sea, de Primera y de Segunda.<\/p>\n<p>Abelardo subray\u00f3 tras la eliminaci\u00f3n ante el Valladolid que el Sporting no tir\u00f3 la Copa. Son argumentos que se creen los que no quieren discutir. Es perfectamente entendible que el entrenador rojiblanco est\u00e9 m\u00e1s preocupado por la Liga y, sobre todo, con el escaso fondo de armario que tiene para afrontar una competici\u00f3n en la que se espera que pueda meterse en el play off que le permita luchar nuevamente por el ascenso. Si el t\u00e9cnico gijon\u00e9s hubiera querido seguir adelante en la Copa habr\u00eda elegido otra alineaci\u00f3n inicial, que, seguramente, se habr\u00eda resentido ante el Girona.<\/p>\n<p>Si nos preguntamos la prioridad de eliminar al Valladolid o ganar el encuentro del pr\u00f3ximo domingo, el sportinguista de a pie seguro que dar\u00eda preferencia a vencer a los gerundenses. Eso significar\u00eda sumar diez puntos y estar \u2018s\u00f3lo\u2019 a 40 de la permanencia. Que nadie olvide que esa fue la t\u00e1ctica prioritaria del \u00c9ibar, con una plantilla inferior en potencial a la del Sporting de la campa\u00f1a anterior.<\/p>\n<p>Nadie le puede quitar a Abelardo la ilusi\u00f3n de haber superado la eliminatoria ante el Valladolid con la alineaci\u00f3n que dispuso, pero lo m\u00e1s f\u00e1cil era que pasara lo que pas\u00f3.<\/p>\n<p>El partido de la Copa demostr\u00f3 que el t\u00e9cnico gijon\u00e9s tiene un once tipo, en el que los jugadores que aportan cierto brillo cuando entran de refresco en los segundos tiempos no dan el mismo rendimiento cuando est\u00e1n en una formaci\u00f3n inicial. Hay futbolistas que tardan en pasar de revulsivos a titulares, los que hay que no se adaptan nunca y no faltan los que a\u00fan son s\u00f3lo promesas de relevancia. De la miop\u00eda de De Burgos Bengoetxea, mejor no hablar.<\/p>\n<p>Es el an\u00e1lisis de la ef\u00edmera Copa. Para el Sporting es mejor dedicarse en exclusiva a la Liga. Ah\u00ed estar\u00e1 la exigencia. Cuenten con ella.<\/p>\n<!-- AddThis Advanced Settings generic via filter on the_content --><!-- AddThis Share Buttons generic via filter on the_content -->","protected":false},"excerpt":{"rendered":"<p>Los contratiempos tambi\u00e9n tienen lecturas positivas. La participaci\u00f3n del Sporting en la Copa del Rey era m\u00e1s contraproducente que beneficiosa. Deportivamente, se provoca un desgaste a\u00f1adido que se necesita para la Liga, que es el principal objetivo. Econ\u00f3micamente es una competici\u00f3n que genera demasiados gastos para los clubes de Segunda. Las cuentas son claras. La [&hellip;]<!-- AddThis Advanced Settings generic via filter on get_the_excerpt --><!-- AddThis Share Buttons generic via filter on get_the_excerpt --><\/p>\n","protected":false},"author":40,"featured_media":0,"comment_status":"open","ping_status":"open","sticky":false,"template":"","format":"standard","meta":[],"categories":[2,3],"tags":[],"_links":{"self":[{"href":"https:\/\/blogs.elcomercio.es\/sportingmania\/wp-json\/wp\/v2\/posts\/1645"}],"collection":[{"href":"https:\/\/blogs.elcomercio.es\/sportingmania\/wp-json\/wp\/v2\/posts"}],"about":[{"href":"https:\/\/blogs.elcomercio.es\/sportingmania\/wp-json\/wp\/v2\/types\/post"}],"author":[{"embeddable":true,"href":"https:\/\/blogs.elcomercio.es\/sportingmania\/wp-json\/wp\/v2\/users\/40"}],"replies":[{"embeddable":true,"href":"https:\/\/blogs.elcomercio.es\/sportingmania\/wp-json\/wp\/v2\/comments?post=1645"}],"version-history":[{"count":0,"href":"https:\/\/blogs.elcomercio.es\/sportingmania\/wp-json\/wp\/v2\/posts\/1645\/revisions"}],"wp:attachment":[{"href":"https:\/\/blogs.elcomercio.es\/sportingmania\/wp-json\/wp\/v2\/media?parent=1645"}],"wp:term":[{"taxonomy":"category","embeddable":true,"href":"https:\/\/blogs.elcomercio.es\/sportingmania\/wp-json\/wp\/v2\/categories?post=1645"},{"taxonomy":"post_tag","embeddable":true,"href":"https:\/\/blogs.elcomercio.es\/sportingmania\/wp-json\/wp\/v2\/tags?post=1645"}],"curies":[{"name":"wp","href":"https:\/\/api.w.org\/{rel}","templated":true}]}}