{"id":1671,"date":"2014-10-08T13:46:33","date_gmt":"2014-10-08T13:46:33","guid":{"rendered":"http:\/\/blog.elcomercio.es\/sportingmania\/?p=1671"},"modified":"2014-10-08T13:46:33","modified_gmt":"2014-10-08T13:46:33","slug":"el-sporting-y-el-ayuntamiento","status":"publish","type":"post","link":"https:\/\/blogs.elcomercio.es\/sportingmania\/2014\/10\/08\/el-sporting-y-el-ayuntamiento\/","title":{"rendered":"El Sporting y el Ayuntamiento"},"content":{"rendered":"<p>Los v\u00ednculos entre el Sporting y el Ayuntamiento tuvieron \u00e9pocas de perfecto entendimiento. En los a\u00f1os 60, el alcalde de la ciudad era directivo de oficio. Con los cambios estructurales a partir de 1975 se perdi\u00f3 el cargo, por iniciativa del representante municipal.<\/p>\n<p>Un caso curioso fue el del empresario CarlosM\u00e9ndez Cuervo, presidente entre 1968 y 1972, cargo que compart\u00eda con el de teniente de alcalde en el Ayuntamiento. Bajo su mandato se cubri\u00f3 el campo de El Molin\u00f3n al completo, se puso la iluminaci\u00f3n artificial y se edific\u00f3 la \u2018tribunona\u2019.<\/p>\n<p>Con el paso del tiempo, las circunstancias cambiaron y no siempre los alcaldes ten\u00edan debilidades por el Sporting. Con Jos\u00e9 Manuel Palacio result\u00f3 dif\u00edcil lograr la remodelaci\u00f3n del campo para poder acoger una fase de un Mundial. La repercusi\u00f3n fue sobresaliente, porque Gij\u00f3n fue un referente con la estancia de la Alemania de Rummenigge, adem\u00e1s de pasar a la historia por el timo con Austria.<\/p>\n<p>En los a\u00f1os 90, el entendimiento entre el Ayuntamiento y el club rojiblanco mejor\u00f3 a la hora de buscar ayudas y soluciones. En 1992, cuando Pl\u00e1cido Rodr\u00edguez Guerrero era incapaz de lograr el capital social para la transformaci\u00f3n obligada del club en SAD, Vicente \u00c1lvarez Areces, alcalde en aquella \u00e9poca, quien tambi\u00e9n hab\u00eda figurado como directivo con Ram\u00f3n Mu\u00f1oz, aglutin\u00f3 el dinero necesario con empresarios de Gij\u00f3n para evitar que el Sporting se fuera a Segunda Divisi\u00f3n B. Paz Fern\u00e1ndez Felgueroso solucion\u00f3 un problema grave en 2001 con la compra de las instalaciones de Mareo y las marcas, como fundamental fue el nuevo respaldo de \u00c1lvarez Areces desde el Principado con avales. Tal vez estas operaciones, con las circunstancias actuales, ser\u00edan m\u00e1s discutibles para llevarlas a efecto.<\/p>\n<p>En la actualidad, las relaciones institucionales del Sporting son s\u00f3lo correctas. El Principado, tras la llegada de Javier Fern\u00e1ndez a la presidencia, cort\u00f3 el convenio de colaboraci\u00f3n de forma unilateral, sin que se hubieran registrado m\u00e1s contactos. En el Ayuntamiento hubo algunos hechos sonrojantes, como la broma de Montes Estrada con una insignia en un pleno o la frase soez de Jos\u00e9 Ram\u00f3n Tuero sobre lo que le interesaba el Sporting, por lo que hubo que asumir una parte del coste de las obras en El Molin\u00f3n. Hay m\u00e1s historias \u2018cari\u00f1osas\u2019 de otros ediles que hubo en esta ciudad.<\/p>\n<p>Aunque las relaciones econ\u00f3micas del Sporting con el Ayuntamiento est\u00e1n al d\u00eda, parece haber surgido en la Plaza Mayor una corriente para usar al club con aparentes fines electoralistas. En la \u00faltima intervenci\u00f3n de la alcaldesa se vio un discurso populista y contradictorio. La competencia de la se\u00f1ora Moriy\u00f3n tambi\u00e9n se suma para pedir la \u00faltima auditor\u00eda, porque ahora preocupa la situaci\u00f3n financiera del club. Es extra\u00f1o, porque a la anterior junta de accionistas no fue ning\u00fan representante del Ayuntamiento para pedir explicaciones y los datos que entonces tal vez no preocupaban.<\/p>\n<p>Nadie duda del sportinguismo de los ediles gijoneses, quienes tendr\u00e1n la ocasi\u00f3n de sacar el recibo en el mercado de invierno, para presumir mejor de su equipo, lo que no quita para decir que la gesti\u00f3n de los \u00faltimos a\u00f1os en el Sporting es decepcionante, con la necesidad de introducir cambios urgentes en la pol\u00edtica de gesti\u00f3n.<\/p>\n<p>Est\u00e1 claro que el Ayuntamiento no tiene obligaci\u00f3n de ayudar al Sporting, pero ser\u00eda recomendable que el club no fuera utilizado para fines partidistas ante una primavera con urnas.<\/p>\n<!-- AddThis Advanced Settings generic via filter on the_content --><!-- AddThis Share Buttons generic via filter on the_content -->","protected":false},"excerpt":{"rendered":"<p>Los v\u00ednculos entre el Sporting y el Ayuntamiento tuvieron \u00e9pocas de perfecto entendimiento. En los a\u00f1os 60, el alcalde de la ciudad era directivo de oficio. Con los cambios estructurales a partir de 1975 se perdi\u00f3 el cargo, por iniciativa del representante municipal. Un caso curioso fue el del empresario CarlosM\u00e9ndez Cuervo, presidente entre 1968 [&hellip;]<!-- AddThis Advanced Settings generic via filter on get_the_excerpt --><!-- AddThis Share Buttons generic via filter on get_the_excerpt --><\/p>\n","protected":false},"author":40,"featured_media":0,"comment_status":"open","ping_status":"open","sticky":false,"template":"","format":"standard","meta":[],"categories":[2,3],"tags":[],"_links":{"self":[{"href":"https:\/\/blogs.elcomercio.es\/sportingmania\/wp-json\/wp\/v2\/posts\/1671"}],"collection":[{"href":"https:\/\/blogs.elcomercio.es\/sportingmania\/wp-json\/wp\/v2\/posts"}],"about":[{"href":"https:\/\/blogs.elcomercio.es\/sportingmania\/wp-json\/wp\/v2\/types\/post"}],"author":[{"embeddable":true,"href":"https:\/\/blogs.elcomercio.es\/sportingmania\/wp-json\/wp\/v2\/users\/40"}],"replies":[{"embeddable":true,"href":"https:\/\/blogs.elcomercio.es\/sportingmania\/wp-json\/wp\/v2\/comments?post=1671"}],"version-history":[{"count":0,"href":"https:\/\/blogs.elcomercio.es\/sportingmania\/wp-json\/wp\/v2\/posts\/1671\/revisions"}],"wp:attachment":[{"href":"https:\/\/blogs.elcomercio.es\/sportingmania\/wp-json\/wp\/v2\/media?parent=1671"}],"wp:term":[{"taxonomy":"category","embeddable":true,"href":"https:\/\/blogs.elcomercio.es\/sportingmania\/wp-json\/wp\/v2\/categories?post=1671"},{"taxonomy":"post_tag","embeddable":true,"href":"https:\/\/blogs.elcomercio.es\/sportingmania\/wp-json\/wp\/v2\/tags?post=1671"}],"curies":[{"name":"wp","href":"https:\/\/api.w.org\/{rel}","templated":true}]}}