{"id":17,"date":"2007-07-24T10:22:00","date_gmt":"2007-07-24T10:22:00","guid":{"rendered":"http:\/\/blogs.elcomercio.es\/sportingmania\/?p=17"},"modified":"2007-07-24T10:22:00","modified_gmt":"2007-07-24T10:22:00","slug":"un-partido-poco-coherente","status":"publish","type":"post","link":"https:\/\/blogs.elcomercio.es\/sportingmania\/2007\/07\/24\/un-partido-poco-coherente\/","title":{"rendered":"Un partido poco coherente"},"content":{"rendered":"<p>El a\u00f1o pasado se reinvent\u00f3 el Trofeo Principado que diez a\u00f1os antes tanto el Sporting como el Oviedo buscaron la f\u00f3rmula de dejar de disputarlo, por las repercusiones negativas que ten\u00eda para el perdedor. <br \/>&nbsp;&nbsp;&nbsp;&nbsp;&nbsp; El cuadro deportivo de Vicente \u00c1lvarez Areces recuper\u00f3 el trofeo, con la f\u00f3rmula de partido \u00fanico, cada a\u00f1o en un campo. Esta edici\u00f3n toca en Oviedo, pero el trofeo nace con tensi\u00f3n y pol\u00e9mica, sin olvidar una diferencia de dos categor\u00edas entre los contendientes. Las relaciones entre los consejos de administraci\u00f3n de ambos clubes est\u00e1n totalmente rotas por el caso Jairo y la b\u00fasqueda de una fecha para su disputa resulta problem\u00e1tica. Descartado agosto, ahora se busca setiembre, en d\u00eda de fiestas en Oviedo. Vega-Arango ya conoce la intenci\u00f3n del Principado y ha asentido a la propuesta, porque el dirigente rojiblanco nunca dice no a determinados estamentos. Sin embargo, los t\u00e9cnicos deportivos del club no saben nada de este encuentro. Emilio de Dios no tiene constancia de este encuentro y Preciado se limit\u00f3 a decir que &#8220;algo he le\u00eddo&#8221;.<br \/>&nbsp;&nbsp;&nbsp;&nbsp;&nbsp; Desde el punto de vista rojiblanco, es incoherente jugar un partido de este tipo en pleno mes de setiembre, a dos d\u00edas de un encuentro oficial, con el requisito de llevar a los titulares. Adem\u00e1s, tener que enfrentarse a un rival de Tercera Divisi\u00f3n, categor\u00eda que en la pretemporada evit\u00f3 el cuadro t\u00e9cnico rojiblanco, por coherencia en el nivel de los preparativos, s\u00f3lo podr\u00eda admitirse como car\u00e1cter ben\u00e9fico o de solidaridad con alguna causa de tipo social.<br \/>&nbsp;&nbsp;&nbsp;&nbsp;&nbsp; El caso es que el Principado empez\u00f3 a organizar su trofeo con una improvisaci\u00f3n impropia de un trofeo de esta magnitud, sin tener en cuenta al Marino, que deber\u00eda ser el rival del Sporting, como segundo equipo representativo del f\u00fatbol asturiano. Si recordamos la \u00faltima clasificaci\u00f3n, hasta el Universidad de Pulgar hizo m\u00e1s m\u00e9ritos que el Oviedo para disputar este trofeo.<br \/>&nbsp;&nbsp;&nbsp;&nbsp;&nbsp; Daniel Guti\u00e9rrez Granda deber\u00eda explicar qu\u00e9 baremo se toma para elegir a los contendientes del trofeo asturiano y para determinar la fecha. Me cuenta uno de mis topos de Mareo que Vega-Arango es el \u00fanico que no pone objeciones al Principado, porque hay una subvenci\u00f3n firmada, aunque afecta a la publicidad de las camisetas, no al partido en cuesti\u00f3n. El resto, no quiere. Por cierto, si por fin se celebra el 20 de setiembre en el Carlos Tartiere, en pleno San Mateo,&nbsp;casi le ir\u00e1 mejor a don Gabino que a don Vicente. \u00bfA ustedes qu\u00e9 les parece?<\/p>\n<!-- AddThis Advanced Settings generic via filter on the_content --><!-- AddThis Share Buttons generic via filter on the_content -->","protected":false},"excerpt":{"rendered":"<p>El a\u00f1o pasado se reinvent\u00f3 el Trofeo Principado que diez a\u00f1os antes tanto el Sporting como el Oviedo buscaron la f\u00f3rmula de dejar de disputarlo, por las repercusiones negativas que ten\u00eda para el perdedor. &nbsp;&nbsp;&nbsp;&nbsp;&nbsp; El cuadro deportivo de Vicente \u00c1lvarez Areces recuper\u00f3 el trofeo, con la f\u00f3rmula de partido \u00fanico, cada a\u00f1o en un [&hellip;]<!-- AddThis Advanced Settings generic via filter on get_the_excerpt --><!-- AddThis Share Buttons generic via filter on get_the_excerpt --><\/p>\n","protected":false},"author":40,"featured_media":0,"comment_status":"open","ping_status":"open","sticky":false,"template":"","format":"standard","meta":[],"categories":[3],"tags":[],"_links":{"self":[{"href":"https:\/\/blogs.elcomercio.es\/sportingmania\/wp-json\/wp\/v2\/posts\/17"}],"collection":[{"href":"https:\/\/blogs.elcomercio.es\/sportingmania\/wp-json\/wp\/v2\/posts"}],"about":[{"href":"https:\/\/blogs.elcomercio.es\/sportingmania\/wp-json\/wp\/v2\/types\/post"}],"author":[{"embeddable":true,"href":"https:\/\/blogs.elcomercio.es\/sportingmania\/wp-json\/wp\/v2\/users\/40"}],"replies":[{"embeddable":true,"href":"https:\/\/blogs.elcomercio.es\/sportingmania\/wp-json\/wp\/v2\/comments?post=17"}],"version-history":[{"count":0,"href":"https:\/\/blogs.elcomercio.es\/sportingmania\/wp-json\/wp\/v2\/posts\/17\/revisions"}],"wp:attachment":[{"href":"https:\/\/blogs.elcomercio.es\/sportingmania\/wp-json\/wp\/v2\/media?parent=17"}],"wp:term":[{"taxonomy":"category","embeddable":true,"href":"https:\/\/blogs.elcomercio.es\/sportingmania\/wp-json\/wp\/v2\/categories?post=17"},{"taxonomy":"post_tag","embeddable":true,"href":"https:\/\/blogs.elcomercio.es\/sportingmania\/wp-json\/wp\/v2\/tags?post=17"}],"curies":[{"name":"wp","href":"https:\/\/api.w.org\/{rel}","templated":true}]}}