{"id":1712,"date":"2014-11-20T09:06:55","date_gmt":"2014-11-20T09:06:55","guid":{"rendered":"http:\/\/blog.elcomercio.es\/sportingmania\/?p=1712"},"modified":"2014-11-20T09:06:55","modified_gmt":"2014-11-20T09:06:55","slug":"la-primera-piedra-de-la-sad","status":"publish","type":"post","link":"https:\/\/blogs.elcomercio.es\/sportingmania\/2014\/11\/20\/la-primera-piedra-de-la-sad\/","title":{"rendered":"La primera piedra de la SAD"},"content":{"rendered":"<p>Hoy, hace 25 a\u00f1os que Pl\u00e1cido Rodr\u00edguez Guerrero tom\u00f3 posesi\u00f3n de la presidencia del Sporting, hecho que celebr\u00f3 con sus m\u00e1s \u00edntimos de la \u00e9poca. Fue el \u00faltimo presidente electo en un proceso democr\u00e1tico. Luego llegaron las sociedades an\u00f3nimas promovidas por el gobierno socialista de Felipe Gonz\u00e1lez, con Javier G\u00f3mez Navarro como presidente del CSD.<\/p>\n<p>\tCon Pl\u00e1cido Rodr\u00edguez se puso la primera piedra para la transformaci\u00f3n del Sporting en sociedad an\u00f3nima deportiva. Se hubiera evitado si el importe del plan de saneamiento que dio el gobierno de Espa\u00f1a en la etapa presidencial del profesor salmantino se hubiera utilizado para pagar la deuda. Ese era el objetivo y el motivo de la recaudaci\u00f3n del dinero.<br \/>\n\tEl en caso del Sporting, el importe del citado plan gubernamental era el mismo que la deuda que hab\u00eda encontrado Pl\u00e1cido Rodr\u00edguez cuando sustituy\u00f3 a Ram\u00f3n Mu\u00f1oz, que ascend\u00eda a 730 millones de pesetas. El origen principal fue la construcci\u00f3n de Mareo, lo que se arrastr\u00f3 en doce ejercicios. Si se hubiera liquidado con esa cantidad, ingresada en su etapa presidencial, el Sporting hubiera sido otro Osasuna de la \u00e9poca.<\/p>\n<p>\tRodr\u00edguez Guerrero, ahora catedr\u00e1tico de Econom\u00eda, entonces profesor de Escuela Universitaria, no se distingui\u00f3 por llevar el club con una seriedad financiera. Sus alumnos pueden entender muy bien sus teor\u00edas, pero en la pr\u00e1ctica no demostr\u00f3 sus conocimientos, al menos en sus etapas al frente del club, para una buena administraci\u00f3n de la entidad.<\/p>\n<p>\tLa \u00e9poca de don Pl\u00e1cido fue at\u00edpica. Los informes de auditor\u00eda echaban de menos estadillos en los controles de las recaudaciones de los partidos. As\u00ed lo explic\u00f3 el economista y auditor de las cuentas del club F\u00e9lix Fern\u00e1ndez en una entrevista en EL COMERCIO. Es un ejemplo del rigor utilizado, al margen de la imagen dada por algunos dirigentes. Una exhibici\u00f3n de visones en el c\u00e9sped del Camp Nou antes de un partido dio la vuelta a Espa\u00f1a, consortes incluidos.<br \/>\n\tLo positivo de la \u00e9poca fue que el Sporting volvi\u00f3 a la UEFA, con la eclosi\u00f3n de Luis Enrique, en un equipo que entrenaba Ciriaco Cano, con un grupo de entusiastas jugadores de la casa.<\/p>\n<p>\tPl\u00e1cido Rodr\u00edguez cerr\u00f3 su mandato con la conversi\u00f3n del Sporting en SAD, aunque fue precisa la intervenci\u00f3n del alcalde Vicente \u00c1lvarez Areces, alertado desde el Consejo Superior de Deportes, ya que las fantas\u00edas del presidente no evitaban el descenso del Sporting a Segunda Divisi\u00f3n B, por no cubrir el capital social. El alcalde moviliz\u00f3 al sportinguismo empresarial para conseguir los 2,4 millones de euros que faltaban, de los casi 3,6 millones fijados, que al final complet\u00f3 el Ayuntamiento. Fue una \u00e9poca complicada, en la que antes del relevo se cre\u00f3 una gestora, con la marcha de algunos directivos. Luego lleg\u00f3 Fern\u00e1ndez.<\/p>\n<p>\tRodr\u00edguez Guerrero tuvo una segunda etapa, pero como consejero, respaldado por el dinero de Jos\u00e9 Fern\u00e1ndez. Aunque lo criticaba, no tuvo escr\u00fapulos para volver bajo su manto. Fueron siete meses paranoicos que acabaron con un intento fallido de un acuerdo fantasma con el Inter, a trav\u00e9s de un desconocido intermediario italiano.<br \/>\n\tAdem\u00e1s de haber sido el \u00faltimo presidente electo democr\u00e1ticamente, Pl\u00e1cido Rodr\u00edguez tambi\u00e9n tiene en su haber que por su gesti\u00f3n el Sporting es SAD. Hoy hace 25 a\u00f1os puso la primera piedra. En menos de tres a\u00f1os, con un desfase negativo de nueve millones de euros, lo consolid\u00f3.<\/p>\n<!-- AddThis Advanced Settings generic via filter on the_content --><!-- AddThis Share Buttons generic via filter on the_content -->","protected":false},"excerpt":{"rendered":"<p>Hoy, hace 25 a\u00f1os que Pl\u00e1cido Rodr\u00edguez Guerrero tom\u00f3 posesi\u00f3n de la presidencia del Sporting, hecho que celebr\u00f3 con sus m\u00e1s \u00edntimos de la \u00e9poca. Fue el \u00faltimo presidente electo en un proceso democr\u00e1tico. Luego llegaron las sociedades an\u00f3nimas promovidas por el gobierno socialista de Felipe Gonz\u00e1lez, con Javier G\u00f3mez Navarro como presidente del CSD. [&hellip;]<!-- AddThis Advanced Settings generic via filter on get_the_excerpt --><!-- AddThis Share Buttons generic via filter on get_the_excerpt --><\/p>\n","protected":false},"author":40,"featured_media":0,"comment_status":"open","ping_status":"open","sticky":false,"template":"","format":"standard","meta":[],"categories":[2,3],"tags":[],"_links":{"self":[{"href":"https:\/\/blogs.elcomercio.es\/sportingmania\/wp-json\/wp\/v2\/posts\/1712"}],"collection":[{"href":"https:\/\/blogs.elcomercio.es\/sportingmania\/wp-json\/wp\/v2\/posts"}],"about":[{"href":"https:\/\/blogs.elcomercio.es\/sportingmania\/wp-json\/wp\/v2\/types\/post"}],"author":[{"embeddable":true,"href":"https:\/\/blogs.elcomercio.es\/sportingmania\/wp-json\/wp\/v2\/users\/40"}],"replies":[{"embeddable":true,"href":"https:\/\/blogs.elcomercio.es\/sportingmania\/wp-json\/wp\/v2\/comments?post=1712"}],"version-history":[{"count":0,"href":"https:\/\/blogs.elcomercio.es\/sportingmania\/wp-json\/wp\/v2\/posts\/1712\/revisions"}],"wp:attachment":[{"href":"https:\/\/blogs.elcomercio.es\/sportingmania\/wp-json\/wp\/v2\/media?parent=1712"}],"wp:term":[{"taxonomy":"category","embeddable":true,"href":"https:\/\/blogs.elcomercio.es\/sportingmania\/wp-json\/wp\/v2\/categories?post=1712"},{"taxonomy":"post_tag","embeddable":true,"href":"https:\/\/blogs.elcomercio.es\/sportingmania\/wp-json\/wp\/v2\/tags?post=1712"}],"curies":[{"name":"wp","href":"https:\/\/api.w.org\/{rel}","templated":true}]}}