{"id":1747,"date":"2014-12-31T10:10:42","date_gmt":"2014-12-31T10:10:42","guid":{"rendered":"http:\/\/blog.elcomercio.es\/sportingmania\/?p=1747"},"modified":"2014-12-31T10:10:42","modified_gmt":"2014-12-31T10:10:42","slug":"un-balance-poco-agradable","status":"publish","type":"post","link":"https:\/\/blogs.elcomercio.es\/sportingmania\/2014\/12\/31\/un-balance-poco-agradable\/","title":{"rendered":"Un balance poco agradable"},"content":{"rendered":"<p>Se acaba un a\u00f1o complicado para el Sporting. En el balance de los \u00faltimos doce meses figuran muy pocos aspectos con un resultado poco agradable. La excepci\u00f3n es la trayectoria deportiva m\u00e1s reciente y los perennes frutos que da Mareo.<\/p>\n<p>En el plano deportivo, 2014 fue un a\u00f1o que no empez\u00f3 bien, con una pol\u00e9mica derrota ante el Zaragoza. Sigui\u00f3 con los bandazos de Sandoval, con poco margen para que Abelardo rectificase el rosario de desatinos del t\u00e9cnico humanero. As\u00ed se afront\u00f3 un verano de incertidumbre, en el que s\u00f3lo las salidas de Canella y Scepovic significaron una ayuda a la problem\u00e1tica situaci\u00f3n financiera. Las dudas de agosto se evaporaron con los buenos resultados. Empezar el nuevo a\u00f1o en puesto de ascenso directo es lo m\u00e1s esperanzador que ahora tiene el Sporting.<\/p>\n<p>En el aspecto econ\u00f3mico, en abril se destap\u00f3 a trav\u00e9s de EL COMERCIO lo que iba a suceder si no se lograba el ascenso. Las consecuencias arrastradas y el desfase en el desarrollo de los \u00faltimos presupuestos dejaron a la entidad en una situaci\u00f3n muy peligrosa. La \u00fanica soluci\u00f3n es el traspaso de poderes a un grupo que est\u00e9 en disposici\u00f3n de afrontar la deuda que gira en torno a 40 millones de euros, pendiente de ajustes para rebajarla. Eso dicen las voces autorizadas de la planta noble.<\/p>\n<p>En el aspecto social, los acontecimientos derivaron en una ruptura, que parece que s\u00f3lo podr\u00e1 soldarse con el traspaso del control del club. En el balance de las estad\u00edsticas, las lesiones m\u00e1s graves fueron las de Hugo Fraile y \u00c1lvaro Bustos. Y en el plano luctuoso, en 2015 se registraron los fallecimientos de los ex jugadores \u00c1ngel Herrero, Pascual y Herrero II y el ex consejero Alejandro Fern\u00e1ndez-Nespral.<\/p>\n<p>Con lo expuesto a vuela pluma, 2014 fue un a\u00f1o triste, que obliga a hacer un profundo an\u00e1lisis de una situaci\u00f3n demasiado complicada. Deportivamente hay motivos para pensar en el futuro con un moderado optimismo, para que la trayectoria se mantenga, conscientes de que queda un tramo bastante largo y enrevesado. Las segundas vueltas son las m\u00e1s complicadas y los rivales m\u00e1s directos tienen en marcha sesiones para reforzarse, alternativa que el Sporting no tiene.<\/p>\n<p>La problem\u00e1tica social tiene pinta de reducirse cuando el Sporting tenga un nuevo due\u00f1o, que es de lo que tambi\u00e9n depende la situaci\u00f3n econ\u00f3mica. En los dos \u00faltimos meses, Javier Fern\u00e1ndez atendi\u00f3 los posibles compradores del paquete accionarial de su familia. El vicepresidente est\u00e1 decepcionado, porque no supo elegir la f\u00f3rmula correcta de negociar. Cuando ten\u00eda encauzado un acuerdo con el empresario gallego Luis Pereira, cay\u00f3 hipnotizado por las promesas del que llama \u2018grupo ingl\u00e9s\u2019, que en realidad es un alem\u00e1n vinculado a las apuestas deportivas. La decepci\u00f3n est\u00e1 basada en un enga\u00f1o inaceptable que ahora provoca tensi\u00f3n e incertidumbre.<\/p>\n<p>Dadas las circunstancias, la estrategia negociadora cambia. Antes, Javier Fern\u00e1ndez esperaba al comprador. Ahora tiene que buscarlo, por una evidente necesidad. El grupo americano de Reygadas est\u00e1 ah\u00ed, pero no tiene prisa. La delegaci\u00f3n suiza de Pereira se siente menospreciada por haber quedado en la estacada. Por estos motivos, ahora los planteamientos ser\u00e1n distintos.<\/p>\n<p>As\u00ed llega el nuevo a\u00f1o, con la necesidad de encontrar un due\u00f1o con dinero y, por supuesto, que est\u00e9 dispuesto a ponerlo. Eso es lo que urge. Luego, tiempo habr\u00e1 a tomar medidas para aportar sensatez al ca\u00f3tico organigrama del club, pero mientras no se produzca, la preocupaci\u00f3n es may\u00fascula. Ojal\u00e1 2015 sea m\u00e1s feliz para el Sporting y para el sportinguismo.    <\/p>\n<!-- AddThis Advanced Settings generic via filter on the_content --><!-- AddThis Share Buttons generic via filter on the_content -->","protected":false},"excerpt":{"rendered":"<p>Se acaba un a\u00f1o complicado para el Sporting. En el balance de los \u00faltimos doce meses figuran muy pocos aspectos con un resultado poco agradable. La excepci\u00f3n es la trayectoria deportiva m\u00e1s reciente y los perennes frutos que da Mareo. En el plano deportivo, 2014 fue un a\u00f1o que no empez\u00f3 bien, con una pol\u00e9mica [&hellip;]<!-- AddThis Advanced Settings generic via filter on get_the_excerpt --><!-- AddThis Share Buttons generic via filter on get_the_excerpt --><\/p>\n","protected":false},"author":40,"featured_media":0,"comment_status":"open","ping_status":"open","sticky":false,"template":"","format":"standard","meta":[],"categories":[2,3],"tags":[],"_links":{"self":[{"href":"https:\/\/blogs.elcomercio.es\/sportingmania\/wp-json\/wp\/v2\/posts\/1747"}],"collection":[{"href":"https:\/\/blogs.elcomercio.es\/sportingmania\/wp-json\/wp\/v2\/posts"}],"about":[{"href":"https:\/\/blogs.elcomercio.es\/sportingmania\/wp-json\/wp\/v2\/types\/post"}],"author":[{"embeddable":true,"href":"https:\/\/blogs.elcomercio.es\/sportingmania\/wp-json\/wp\/v2\/users\/40"}],"replies":[{"embeddable":true,"href":"https:\/\/blogs.elcomercio.es\/sportingmania\/wp-json\/wp\/v2\/comments?post=1747"}],"version-history":[{"count":0,"href":"https:\/\/blogs.elcomercio.es\/sportingmania\/wp-json\/wp\/v2\/posts\/1747\/revisions"}],"wp:attachment":[{"href":"https:\/\/blogs.elcomercio.es\/sportingmania\/wp-json\/wp\/v2\/media?parent=1747"}],"wp:term":[{"taxonomy":"category","embeddable":true,"href":"https:\/\/blogs.elcomercio.es\/sportingmania\/wp-json\/wp\/v2\/categories?post=1747"},{"taxonomy":"post_tag","embeddable":true,"href":"https:\/\/blogs.elcomercio.es\/sportingmania\/wp-json\/wp\/v2\/tags?post=1747"}],"curies":[{"name":"wp","href":"https:\/\/api.w.org\/{rel}","templated":true}]}}