{"id":1753,"date":"2015-01-08T20:14:04","date_gmt":"2015-01-08T20:14:04","guid":{"rendered":"http:\/\/blog.elcomercio.es\/sportingmania\/?p=1753"},"modified":"2015-01-08T20:14:04","modified_gmt":"2015-01-08T20:14:04","slug":"de-un-plumazo","status":"publish","type":"post","link":"https:\/\/blogs.elcomercio.es\/sportingmania\/2015\/01\/08\/de-un-plumazo\/","title":{"rendered":"De un plumazo"},"content":{"rendered":"<p>Hoy es uno de esos d\u00edas en los que te preguntas por qu\u00e9 el mundo puede tener momentos tan crueles. Se nos ha ido Joaqu\u00edn Bilbao. De un plumazo. Sin previo aviso, en la flor de la vida.<\/p>\n<p>Era una ma\u00f1ana gris, pero un infarto la convirti\u00f3 en negra. As\u00ed, de un plumazo. El coraz\u00f3n se le resquebraj\u00f3 al bueno de Bilbo, como le llam\u00e1bamos en nuestro peque\u00f1o grupo de amigos. Ten\u00eda un coraz\u00f3n de oro, que dej\u00f3 muchos corazones rotos por el dolor de un amigo, un compa\u00f1ero y una buena persona que se fue. As\u00ed, de un plumazo.<\/p>\n<p>Con Joaqu\u00edn Bilbao tuve la oportunidad de recorrer media Espa\u00f1a junto al Sporting, en numerosos desplazamientos para El Comercio, de los que podr\u00eda recordar numerosas an\u00e9cdotas, adem\u00e1s de los episodios de trabajo en el d\u00eda a d\u00eda en Mareo o en El Molin\u00f3n. Todos con buenos recuerdos. Fue el fot\u00f3grafo del \u00faltimo ascenso, el del Sporting y el de todo lo que ten\u00eda sabor a Gij\u00f3n.<\/p>\n<p>Bilbao llevaba muchos a\u00f1os gan\u00e1ndose el afecto de todos, de entrenadores, de jugadores, de dirigentes, de compa\u00f1eros, de pe\u00f1istas, de aficionados\u2026 de todo el mundo. Antes lo hab\u00eda hecho al margen del f\u00fatbol, en la hosteler\u00eda, donde tambi\u00e9n tuvo una etapa. Por eso se le recordar\u00e1 con el cari\u00f1o que generaba.<\/p>\n<p>Como profesional siempre estaba dispuesto y bien predispuesto. Sab\u00eda c\u00f3mo hacer las cosas, c\u00f3mo mimar las fotograf\u00edas y dar el enfoque preciso. Como profesional era de los mejores, pero como persona superaba el list\u00f3n con mucho.<\/p>\n<p>Ya no volveremos a repetir aquellos viajes, en los que no se iniciaba el regreso hasta que estaba enviada la \u00faltima fotograf\u00eda. Luego, ya en el coche, llegaban las llamadas telef\u00f3nicas. A sus hijas, a su madre, de quienes siempre estaba pendiente. Y de lo que hab\u00eda que tener previsto para hacer a la ma\u00f1ana siguiente. Era un detallista. Con todo y con todos. Aunque el retorno acabara de madrugada, al d\u00eda siguiente hab\u00eda que levantarse pronto para volver a empezar a primera hora.<\/p>\n<p>No me lo puedo creer y quisiera no creerlo. Me gustar\u00eda pensar que Bilbao sigue ah\u00ed. De hecho lo pienso, porque no puedo hacerme a la idea que en el pr\u00f3ximo partido de El Molin\u00f3n habr\u00e1 un espacio sin cubrir en la banda izquierda cuando el Sporting ataque para la porter\u00eda del Piles. La triste realidad es que el mundo cambi\u00f3 de una forma cruel. As\u00ed, de un plumazo.<\/p>\n<!-- AddThis Advanced Settings generic via filter on the_content --><!-- AddThis Share Buttons generic via filter on the_content -->","protected":false},"excerpt":{"rendered":"<p>Hoy es uno de esos d\u00edas en los que te preguntas por qu\u00e9 el mundo puede tener momentos tan crueles. Se nos ha ido Joaqu\u00edn Bilbao. De un plumazo. Sin previo aviso, en la flor de la vida. Era una ma\u00f1ana gris, pero un infarto la convirti\u00f3 en negra. As\u00ed, de un plumazo. El coraz\u00f3n [&hellip;]<!-- AddThis Advanced Settings generic via filter on get_the_excerpt --><!-- AddThis Share Buttons generic via filter on get_the_excerpt --><\/p>\n","protected":false},"author":40,"featured_media":0,"comment_status":"open","ping_status":"open","sticky":false,"template":"","format":"standard","meta":[],"categories":[2,3],"tags":[],"_links":{"self":[{"href":"https:\/\/blogs.elcomercio.es\/sportingmania\/wp-json\/wp\/v2\/posts\/1753"}],"collection":[{"href":"https:\/\/blogs.elcomercio.es\/sportingmania\/wp-json\/wp\/v2\/posts"}],"about":[{"href":"https:\/\/blogs.elcomercio.es\/sportingmania\/wp-json\/wp\/v2\/types\/post"}],"author":[{"embeddable":true,"href":"https:\/\/blogs.elcomercio.es\/sportingmania\/wp-json\/wp\/v2\/users\/40"}],"replies":[{"embeddable":true,"href":"https:\/\/blogs.elcomercio.es\/sportingmania\/wp-json\/wp\/v2\/comments?post=1753"}],"version-history":[{"count":0,"href":"https:\/\/blogs.elcomercio.es\/sportingmania\/wp-json\/wp\/v2\/posts\/1753\/revisions"}],"wp:attachment":[{"href":"https:\/\/blogs.elcomercio.es\/sportingmania\/wp-json\/wp\/v2\/media?parent=1753"}],"wp:term":[{"taxonomy":"category","embeddable":true,"href":"https:\/\/blogs.elcomercio.es\/sportingmania\/wp-json\/wp\/v2\/categories?post=1753"},{"taxonomy":"post_tag","embeddable":true,"href":"https:\/\/blogs.elcomercio.es\/sportingmania\/wp-json\/wp\/v2\/tags?post=1753"}],"curies":[{"name":"wp","href":"https:\/\/api.w.org\/{rel}","templated":true}]}}