{"id":1810,"date":"2015-04-06T08:30:15","date_gmt":"2015-04-06T08:30:15","guid":{"rendered":"http:\/\/blog.elcomercio.es\/sportingmania\/?p=1810"},"modified":"2015-04-06T08:30:15","modified_gmt":"2015-04-06T08:30:15","slug":"un-punto-que-sabe-a-poco","status":"publish","type":"post","link":"https:\/\/blogs.elcomercio.es\/sportingmania\/2015\/04\/06\/un-punto-que-sabe-a-poco\/","title":{"rendered":"Un punto que sabe a poco"},"content":{"rendered":"<p>Otro empate ante otro colista. El Sporting s\u00f3lo pudo sumar un punto frente al Barcelona B, un equipo joven, r\u00e1pido, con una calidad extraordinaria, pero, demasiado individualista. Eso fue lo que mejor le vino a los disc\u00edpulos de Abelardo.<\/p>\n<p>\tEl sabor que deja el punto tiene una dosis grande de decepci\u00f3n, entre otros motivos, porque sac\u00f3 a los rojiblancos del ascenso directo. Tras la derrota de Valladolid se esperaba una reacci\u00f3n de los gijoneses, con un calendario aparentemente accesible, pero la trayectoria del equipo fue descendente. El principal problema es el gol. Desde el partido del Mirand\u00e9s, los rojiblancos s\u00f3lo marcaron de penalti ante Las Palmas. En Legan\u00e9s fue un defensa en propia porter\u00eda. En el resto de encuentros, su casillero qued\u00f3 a cero.<\/p>\n<p>\tAbelardo empez\u00f3 una cruzada contra el gremio arbitral. No le falta raz\u00f3n, pero los colegiados forman una asociaci\u00f3n vengativa. No hay m\u00e1s que recordar la primera temporada de Preciado, quien tuvo que subsanar el entuerto en un congreso en Santander, con un cambio de impresiones que concluy\u00f3 con un abrazo con su paisano S\u00e1nchez Arminio.<\/p>\n<p>\tEl d\u00e9ficit de errores en contra del Sporting en el cap\u00edtulo de penaltis es sangrante, pero reaccionar como hizo el t\u00e9cnico gijon\u00e9s no es un buen camino. Si Lora o Jony hubieran materializado alguna de las ocasiones de gol tan claras se hubiera evitado la guerra con los \u00e1rbitros, en la que los equipos y los entrenadores llevan las de perder.<\/p>\n<p>\tUna preocupaci\u00f3n a\u00f1adida es la falta de chispa que acusa el equipo, en un bache en el que echa de menos a Nacho Cases, para dar un dinamismo al juego del conjunto. Rachid puede asumir esa funci\u00f3n, pero sale de una lesi\u00f3n y est\u00e1 a\u00fan un poco verde. En cualquier caso, adelante no hay visi\u00f3n de porter\u00eda, con excesiva precipitaci\u00f3n. Suele pasar cuando hay obligaci\u00f3n de ganar.<\/p>\n<p>\tEl empate ante el \u2018Mini Bar\u00e7a\u2019 fue un punto de decepci\u00f3n, aunque el consuelo es que los dem\u00e1s no est\u00e1n  para tirar voladores. A ver qu\u00e9 pasa en Zaragoza.<\/p>\n<!-- AddThis Advanced Settings generic via filter on the_content --><!-- AddThis Share Buttons generic via filter on the_content -->","protected":false},"excerpt":{"rendered":"<p>Otro empate ante otro colista. El Sporting s\u00f3lo pudo sumar un punto frente al Barcelona B, un equipo joven, r\u00e1pido, con una calidad extraordinaria, pero, demasiado individualista. Eso fue lo que mejor le vino a los disc\u00edpulos de Abelardo. El sabor que deja el punto tiene una dosis grande de decepci\u00f3n, entre otros motivos, porque [&hellip;]<!-- AddThis Advanced Settings generic via filter on get_the_excerpt --><!-- AddThis Share Buttons generic via filter on get_the_excerpt --><\/p>\n","protected":false},"author":40,"featured_media":0,"comment_status":"open","ping_status":"open","sticky":false,"template":"","format":"standard","meta":[],"categories":[3],"tags":[],"_links":{"self":[{"href":"https:\/\/blogs.elcomercio.es\/sportingmania\/wp-json\/wp\/v2\/posts\/1810"}],"collection":[{"href":"https:\/\/blogs.elcomercio.es\/sportingmania\/wp-json\/wp\/v2\/posts"}],"about":[{"href":"https:\/\/blogs.elcomercio.es\/sportingmania\/wp-json\/wp\/v2\/types\/post"}],"author":[{"embeddable":true,"href":"https:\/\/blogs.elcomercio.es\/sportingmania\/wp-json\/wp\/v2\/users\/40"}],"replies":[{"embeddable":true,"href":"https:\/\/blogs.elcomercio.es\/sportingmania\/wp-json\/wp\/v2\/comments?post=1810"}],"version-history":[{"count":0,"href":"https:\/\/blogs.elcomercio.es\/sportingmania\/wp-json\/wp\/v2\/posts\/1810\/revisions"}],"wp:attachment":[{"href":"https:\/\/blogs.elcomercio.es\/sportingmania\/wp-json\/wp\/v2\/media?parent=1810"}],"wp:term":[{"taxonomy":"category","embeddable":true,"href":"https:\/\/blogs.elcomercio.es\/sportingmania\/wp-json\/wp\/v2\/categories?post=1810"},{"taxonomy":"post_tag","embeddable":true,"href":"https:\/\/blogs.elcomercio.es\/sportingmania\/wp-json\/wp\/v2\/tags?post=1810"}],"curies":[{"name":"wp","href":"https:\/\/api.w.org\/{rel}","templated":true}]}}