{"id":1828,"date":"2015-05-04T09:52:51","date_gmt":"2015-05-04T09:52:51","guid":{"rendered":"http:\/\/blog.elcomercio.es\/sportingmania\/?p=1828"},"modified":"2015-05-04T09:52:51","modified_gmt":"2015-05-04T09:52:51","slug":"el-primer-objetivo-se-cumplio","status":"publish","type":"post","link":"https:\/\/blogs.elcomercio.es\/sportingmania\/2015\/05\/04\/el-primer-objetivo-se-cumplio\/","title":{"rendered":"El primer objetivo se cumpli\u00f3"},"content":{"rendered":"<p>El principal objetivo del encuentro ante el Mallorca se cumpli\u00f3. El Sporting necesitaba ganar y sum\u00f3 los tres puntos. El marcador no fue justo, porque un triunfo por la m\u00ednima y de penalti es sin\u00f3nimo de victoria con apuros y no fue as\u00ed. Hubiera sido mejor haber logrado una mayor diferencia de goles, pero lo prioritario era ganar.<\/p>\n<p>\tDefensivamente, el conjunto de Abelardo funcion\u00f3 casi a la perfecci\u00f3n. Ofensivamente sobra ansiedad, se necesita algo de tranquilidad para finalizar las jugadas. Fue lo que pas\u00f3 ante el equipo balear, adem\u00e1s de destacar la actuaci\u00f3n del portero Cabrero, quien evit\u00f3 que el tanto llegara antes y que la victoria fuera raqu\u00edtica.<\/p>\n<p>\tHab\u00eda cierto recelo por la presencia de Asensio, recientemente comprometido con el Real Madrid. Fue una decepci\u00f3n, porque el chaval apunta buenos detalles t\u00e9cnicos, pero se vio asfixiado por Luis Hern\u00e1ndez. El trabajo de Mer\u00e9 y Bernardo fue extraordinario, con una labor inexpugnable, que permiti\u00f3 que Cu\u00e9llar fuera un espectador de excepci\u00f3n, lo que pocas veces ocurre.<\/p>\n<p>\tUna de las notas positivas fue Hugo Fraile, a quien se le ve con desparpajo y profundidad. Es un futbolista a tener en cuenta con vistas a la pr\u00f3xima temporada. Acaba su compromiso en junio. Otra es Isma L\u00f3pez, afianzado como lateral, con una buena proyecci\u00f3n ofensiva, adem\u00e1s del regreso de Nacho Cases.<\/p>\n<p>\tEl Sporting sigue en la lucha por la segunda plaza, a la espera de un tropez\u00f3n del Girona. El pr\u00f3ximo s\u00e1bado toca un complicado Lugo, con mareona en el \u00c1ngel Carro. Es necesario otro triunfo.<\/p>\n<!-- AddThis Advanced Settings generic via filter on the_content --><!-- AddThis Share Buttons generic via filter on the_content -->","protected":false},"excerpt":{"rendered":"<p>El principal objetivo del encuentro ante el Mallorca se cumpli\u00f3. El Sporting necesitaba ganar y sum\u00f3 los tres puntos. El marcador no fue justo, porque un triunfo por la m\u00ednima y de penalti es sin\u00f3nimo de victoria con apuros y no fue as\u00ed. Hubiera sido mejor haber logrado una mayor diferencia de goles, pero lo [&hellip;]<!-- AddThis Advanced Settings generic via filter on get_the_excerpt --><!-- AddThis Share Buttons generic via filter on get_the_excerpt --><\/p>\n","protected":false},"author":40,"featured_media":0,"comment_status":"open","ping_status":"open","sticky":false,"template":"","format":"standard","meta":[],"categories":[2,3],"tags":[],"_links":{"self":[{"href":"https:\/\/blogs.elcomercio.es\/sportingmania\/wp-json\/wp\/v2\/posts\/1828"}],"collection":[{"href":"https:\/\/blogs.elcomercio.es\/sportingmania\/wp-json\/wp\/v2\/posts"}],"about":[{"href":"https:\/\/blogs.elcomercio.es\/sportingmania\/wp-json\/wp\/v2\/types\/post"}],"author":[{"embeddable":true,"href":"https:\/\/blogs.elcomercio.es\/sportingmania\/wp-json\/wp\/v2\/users\/40"}],"replies":[{"embeddable":true,"href":"https:\/\/blogs.elcomercio.es\/sportingmania\/wp-json\/wp\/v2\/comments?post=1828"}],"version-history":[{"count":0,"href":"https:\/\/blogs.elcomercio.es\/sportingmania\/wp-json\/wp\/v2\/posts\/1828\/revisions"}],"wp:attachment":[{"href":"https:\/\/blogs.elcomercio.es\/sportingmania\/wp-json\/wp\/v2\/media?parent=1828"}],"wp:term":[{"taxonomy":"category","embeddable":true,"href":"https:\/\/blogs.elcomercio.es\/sportingmania\/wp-json\/wp\/v2\/categories?post=1828"},{"taxonomy":"post_tag","embeddable":true,"href":"https:\/\/blogs.elcomercio.es\/sportingmania\/wp-json\/wp\/v2\/tags?post=1828"}],"curies":[{"name":"wp","href":"https:\/\/api.w.org\/{rel}","templated":true}]}}