{"id":1849,"date":"2015-06-08T11:09:01","date_gmt":"2015-06-08T11:09:01","guid":{"rendered":"http:\/\/blog.elcomercio.es\/sportingmania\/?p=1849"},"modified":"2015-06-08T11:09:01","modified_gmt":"2015-06-08T11:09:01","slug":"que-tarde-la-de-aquel-dia","status":"publish","type":"post","link":"https:\/\/blogs.elcomercio.es\/sportingmania\/2015\/06\/08\/que-tarde-la-de-aquel-dia\/","title":{"rendered":"\u00a1Qu\u00e9 tarde la de aquel d\u00eda!"},"content":{"rendered":"<p>Tal vez pueda denominarse milagro o carambola. O quiz\u00e1s los buenos resultados de las plegarias a San Froil\u00e1n, patr\u00f3n de Lugo, pero lo que vale es que la tarde del primer domingo de junio acab\u00f3 en ASCENSO, as\u00ed como may\u00fasculas, para el Sporting.<\/p>\n<p>Fue una tarde de suspense. El conjunto gijon\u00e9s despach\u00f3 un excelente partido en el &#8216;Bendito&#8217; Villamar\u00edn, con un triunfo rotundo y hasta ponderado, porque con el Betis rezumando fiesta, los gijoneses ganaron sin hacer demasiado da\u00f1o al rival. El triunfo era insuficiente. El Girona ten\u00eda ventaja y la administr\u00f3 en el primer tiempo, pero le perdi\u00f3 la presi\u00f3n en el \u00faltimo cuarto de hora, cuando empat\u00f3 el Lugo, con un gol de Caballero que sub\u00eda al Sporting. Luego vinieron los 40 segundo pendientes que se jugaron media hora despu\u00e9s de haber acabado el partido de Sevilla. Estas cosas s\u00f3lo pasan en el f\u00fatbol, cuando hay \u00e1rbitros poco competentes.<\/p>\n<p>\tPero lo que vale es el final feliz, el regreso a Primera Divisi\u00f3n de un Sporting que en la pretemporada daba sensaci\u00f3n se aspirar a la permanencia, pero los chavales, con un grado de compromiso excepcional, consiguieron un hecho hist\u00f3rico, en una tarde con sufrimiento e incertidumbre. Ahora toca partir de cero, pensar en los numerosos errores que llevaron al club a una situaci\u00f3n de inestabilidad y empezar a planificar una entidad con una estructura coherente, con profesionales con sentido y una imagen de seriedad que ahora es incompleta.<\/p>\n<p>\tCon el paso del tiempo, la tarde de ayer ser\u00e1 recordada por la tensi\u00f3n y el suspense de un ascenso que pudo haberse matizado antes, pero en el f\u00fatbol las cosas llegan cuando llegan. Al Sporting le toc\u00f3 as\u00ed. Tambi\u00e9n vale.<\/p>\n<!-- AddThis Advanced Settings generic via filter on the_content --><!-- AddThis Share Buttons generic via filter on the_content -->","protected":false},"excerpt":{"rendered":"<p>Tal vez pueda denominarse milagro o carambola. O quiz\u00e1s los buenos resultados de las plegarias a San Froil\u00e1n, patr\u00f3n de Lugo, pero lo que vale es que la tarde del primer domingo de junio acab\u00f3 en ASCENSO, as\u00ed como may\u00fasculas, para el Sporting. Fue una tarde de suspense. El conjunto gijon\u00e9s despach\u00f3 un excelente partido [&hellip;]<!-- AddThis Advanced Settings generic via filter on get_the_excerpt --><!-- AddThis Share Buttons generic via filter on get_the_excerpt --><\/p>\n","protected":false},"author":40,"featured_media":0,"comment_status":"open","ping_status":"open","sticky":false,"template":"","format":"standard","meta":[],"categories":[2,3],"tags":[],"_links":{"self":[{"href":"https:\/\/blogs.elcomercio.es\/sportingmania\/wp-json\/wp\/v2\/posts\/1849"}],"collection":[{"href":"https:\/\/blogs.elcomercio.es\/sportingmania\/wp-json\/wp\/v2\/posts"}],"about":[{"href":"https:\/\/blogs.elcomercio.es\/sportingmania\/wp-json\/wp\/v2\/types\/post"}],"author":[{"embeddable":true,"href":"https:\/\/blogs.elcomercio.es\/sportingmania\/wp-json\/wp\/v2\/users\/40"}],"replies":[{"embeddable":true,"href":"https:\/\/blogs.elcomercio.es\/sportingmania\/wp-json\/wp\/v2\/comments?post=1849"}],"version-history":[{"count":0,"href":"https:\/\/blogs.elcomercio.es\/sportingmania\/wp-json\/wp\/v2\/posts\/1849\/revisions"}],"wp:attachment":[{"href":"https:\/\/blogs.elcomercio.es\/sportingmania\/wp-json\/wp\/v2\/media?parent=1849"}],"wp:term":[{"taxonomy":"category","embeddable":true,"href":"https:\/\/blogs.elcomercio.es\/sportingmania\/wp-json\/wp\/v2\/categories?post=1849"},{"taxonomy":"post_tag","embeddable":true,"href":"https:\/\/blogs.elcomercio.es\/sportingmania\/wp-json\/wp\/v2\/tags?post=1849"}],"curies":[{"name":"wp","href":"https:\/\/api.w.org\/{rel}","templated":true}]}}