{"id":1877,"date":"2015-09-14T21:36:54","date_gmt":"2015-09-14T21:36:54","guid":{"rendered":"http:\/\/blog.elcomercio.es\/sportingmania\/?p=1877"},"modified":"2015-09-14T21:36:54","modified_gmt":"2015-09-14T21:36:54","slug":"una-experiencia-agria","status":"publish","type":"post","link":"https:\/\/blogs.elcomercio.es\/sportingmania\/2015\/09\/14\/una-experiencia-agria\/","title":{"rendered":"Una experiencia agria"},"content":{"rendered":"<p>La tercera jornada le dej\u00f3 un ingrato sabor al Sporting. Los rojiblancos inquietaron con alguna contundencia al Valencia, un rival de Champions, con internacionales y jugadores de un gran nivel. Sin embargo, adem\u00e1s de la falta de acierto de los atacantes sportinguistas y del gran partido realizado por el portero valencianista, los chicos de Nuno Esp\u00edritu Santo necesitaron un gramo de suerte, lo que fue determinante para que la victoria viajara a la ciudad del Turia.<\/p>\n<p>\tEl resultado final tuvo una imagen de crueldad, al decidirse el partido en el primer minuto del tiempo de prolongaci\u00f3n, en un jugada con dosis de suerte en los rebotes, adem\u00e1s de haber sido una de las pocas ocasiones en la  que la zaga gijonesa se vio descompensada, por exceso de precipitaci\u00f3n, que a veces se transforma en ansiedad. Con anterioridad, las jugadas m\u00e1s claras para haber marcado fueron de los rojiblancos, quienes hicieron internacional a Jaume Domenech, renovado por cuatro a\u00f1os al regreso a su casa.<\/p>\n<p>\tLa imagen del equipo de Abelardo fue notable, con intensidad en el juego, si bien no fue tan preciso como en la visita el del Real Madrid. El centro del campo tuvo algunos altibajos, por la superioridad num\u00e9rica de los visitantes. Parejo, Javi Fuego y Enzo P\u00e9rez impusieron un trabajo en el que solo Sergio se dejaba notar, multiplic\u00e1ndose por necesidades de servicio, ya que Mascarell no destaca en la contenci\u00f3n y Halilovic presionaba poco la salida del bal\u00f3n en la zona de Javi Fuego. La ausencia de Nacho Cases se dej\u00f3 notar, pero parece que a Abelardo le gusta m\u00e1s Mascarell. En el club se rechaza que la presencia del tinerfe\u00f1o en las alineaciones se deba a alguna cl\u00e1usula de penalizaci\u00f3n en la cesi\u00f3n del Real Madrid.<\/p>\n<p>\tEl encuentro ante el Valencia es historia y ya s\u00f3lo sirve para sacar conclusiones, con el objetivo de no repetir errores. Ahora, el punto de mira ya est\u00e1 en el Deportivo, al que sigui\u00f3 en Vallecas el director deportivo rojiblanco Juan Nicol\u00e1s Rodr\u00edguez. El conjunto coru\u00f1\u00e9s afrontar\u00e1 el encuentro del domingo en Riazor sin conocer la derrota y con un ataque a tener en muy en cuenta, con Lucas V\u00e1zquez como una de las principales referencias de remate, adem\u00e1s de contar con buenos artilleros y rematadores, como Celso Borges  Luis Alberto.<\/p>\n<p>\tEl objetivo rojiblanco es puntuar en Riazor, para tener cierta ventaja con los puestos de descenso, pero conscientes de que ser\u00e1 un campa\u00f1a de sufrimiento. La agria experiencia del pasado s\u00e1bado se maquilla con un buen resultado en A Coru\u00f1a.<\/p>\n<!-- AddThis Advanced Settings generic via filter on the_content --><!-- AddThis Share Buttons generic via filter on the_content -->","protected":false},"excerpt":{"rendered":"<p>La tercera jornada le dej\u00f3 un ingrato sabor al Sporting. Los rojiblancos inquietaron con alguna contundencia al Valencia, un rival de Champions, con internacionales y jugadores de un gran nivel. Sin embargo, adem\u00e1s de la falta de acierto de los atacantes sportinguistas y del gran partido realizado por el portero valencianista, los chicos de Nuno [&hellip;]<!-- AddThis Advanced Settings generic via filter on get_the_excerpt --><!-- AddThis Share Buttons generic via filter on get_the_excerpt --><\/p>\n","protected":false},"author":40,"featured_media":0,"comment_status":"open","ping_status":"open","sticky":false,"template":"","format":"standard","meta":[],"categories":[2,3],"tags":[],"_links":{"self":[{"href":"https:\/\/blogs.elcomercio.es\/sportingmania\/wp-json\/wp\/v2\/posts\/1877"}],"collection":[{"href":"https:\/\/blogs.elcomercio.es\/sportingmania\/wp-json\/wp\/v2\/posts"}],"about":[{"href":"https:\/\/blogs.elcomercio.es\/sportingmania\/wp-json\/wp\/v2\/types\/post"}],"author":[{"embeddable":true,"href":"https:\/\/blogs.elcomercio.es\/sportingmania\/wp-json\/wp\/v2\/users\/40"}],"replies":[{"embeddable":true,"href":"https:\/\/blogs.elcomercio.es\/sportingmania\/wp-json\/wp\/v2\/comments?post=1877"}],"version-history":[{"count":0,"href":"https:\/\/blogs.elcomercio.es\/sportingmania\/wp-json\/wp\/v2\/posts\/1877\/revisions"}],"wp:attachment":[{"href":"https:\/\/blogs.elcomercio.es\/sportingmania\/wp-json\/wp\/v2\/media?parent=1877"}],"wp:term":[{"taxonomy":"category","embeddable":true,"href":"https:\/\/blogs.elcomercio.es\/sportingmania\/wp-json\/wp\/v2\/categories?post=1877"},{"taxonomy":"post_tag","embeddable":true,"href":"https:\/\/blogs.elcomercio.es\/sportingmania\/wp-json\/wp\/v2\/tags?post=1877"}],"curies":[{"name":"wp","href":"https:\/\/api.w.org\/{rel}","templated":true}]}}