{"id":19,"date":"2007-07-27T17:10:18","date_gmt":"2007-07-27T17:10:18","guid":{"rendered":"http:\/\/blogs.elcomercio.es\/sportingmania\/?p=19"},"modified":"2007-07-27T17:10:18","modified_gmt":"2007-07-27T17:10:18","slug":"la-pregunta-del-millon","status":"publish","type":"post","link":"https:\/\/blogs.elcomercio.es\/sportingmania\/2007\/07\/27\/la-pregunta-del-millon\/","title":{"rendered":"La pregunta del mill\u00f3n"},"content":{"rendered":"<p>\u00bfQu\u00e9 pasa con Congo? Es lo que se pregunta la afici\u00f3n del Sporting, mientras Preciado sigue tranquilo y convencido de que el colombiano estar\u00e1 en Mareo la pr\u00f3xima semana. Tampoco hay demasiado nerviosismo en la planta noble, donde el sudamericano qued\u00f3 como \u00fanica alternativa para la delantera. Es otro dato que indica confianza en que Congo llegar\u00e1 en breve a Gij\u00f3n.<br \/>\n          En cualquier caso, la postura del jugador colombiano no ha sido correcta, aunque, al estar libre de compromiso, est\u00e1 en su perfecto derecho de decidirse cuando quiera. De todas formas, eso no quiere decir que haya actuado con \u00e9tica, ni elegancia. La tardanza en responder y en incorporarse puede interpretarse como una falta de respeto al resto de compa\u00f1eros que llevan una semana realizando un trabajo intenso, mientras Congo de permite el lujo de perder dos semanas de entrenamientos, al estirar al m\u00e1ximo sus vacaciones.<br \/>\n          El colombiano deb\u00eda haber llegado a Gij\u00f3n el pasado mi\u00e9rcoles o, por lo menos, haber comunicado su decisi\u00f3n a Vega-Arango, tras haberle dicho que estaba de acuerdo con las condiciones del nuevo contrato. Esa fue su palabra, lo que permiti\u00f3 al presidente comunicar a sus compa\u00f1eros de consejo la previsible llegada de Congo.<br \/>\n          Lo que resulta dif\u00edcil de entender es que en la negociaci\u00f3n no se haya fijado un plazo. En este aspecto, Vega-Arango pic\u00f3 de pardillo o lo obligaron a ser un incauto. Pero, como ya coment\u00f3 Jos\u00e9 Fern\u00e1ndez, Congo es el \u00fanico que merece excepciones en este Real Club. Si lo dijo el due\u00f1o del club, no tiene que extra\u00f1ar que el colombiano haga uso de las prebendas que le confieren desde las alturas. \u00bfNo les parece?<\/p>\n<!-- AddThis Advanced Settings generic via filter on the_content --><!-- AddThis Share Buttons generic via filter on the_content -->","protected":false},"excerpt":{"rendered":"<p>\u00bfQu\u00e9 pasa con Congo? Es lo que se pregunta la afici\u00f3n del Sporting, mientras Preciado sigue tranquilo y convencido de que el colombiano estar\u00e1 en Mareo la pr\u00f3xima semana. Tampoco hay demasiado nerviosismo en la planta noble, donde el sudamericano qued\u00f3 como \u00fanica alternativa para la delantera. Es otro dato que indica confianza en que [&hellip;]<!-- AddThis Advanced Settings generic via filter on get_the_excerpt --><!-- AddThis Share Buttons generic via filter on get_the_excerpt --><\/p>\n","protected":false},"author":40,"featured_media":0,"comment_status":"open","ping_status":"open","sticky":false,"template":"","format":"standard","meta":[],"categories":[3],"tags":[],"_links":{"self":[{"href":"https:\/\/blogs.elcomercio.es\/sportingmania\/wp-json\/wp\/v2\/posts\/19"}],"collection":[{"href":"https:\/\/blogs.elcomercio.es\/sportingmania\/wp-json\/wp\/v2\/posts"}],"about":[{"href":"https:\/\/blogs.elcomercio.es\/sportingmania\/wp-json\/wp\/v2\/types\/post"}],"author":[{"embeddable":true,"href":"https:\/\/blogs.elcomercio.es\/sportingmania\/wp-json\/wp\/v2\/users\/40"}],"replies":[{"embeddable":true,"href":"https:\/\/blogs.elcomercio.es\/sportingmania\/wp-json\/wp\/v2\/comments?post=19"}],"version-history":[{"count":0,"href":"https:\/\/blogs.elcomercio.es\/sportingmania\/wp-json\/wp\/v2\/posts\/19\/revisions"}],"wp:attachment":[{"href":"https:\/\/blogs.elcomercio.es\/sportingmania\/wp-json\/wp\/v2\/media?parent=19"}],"wp:term":[{"taxonomy":"category","embeddable":true,"href":"https:\/\/blogs.elcomercio.es\/sportingmania\/wp-json\/wp\/v2\/categories?post=19"},{"taxonomy":"post_tag","embeddable":true,"href":"https:\/\/blogs.elcomercio.es\/sportingmania\/wp-json\/wp\/v2\/tags?post=19"}],"curies":[{"name":"wp","href":"https:\/\/api.w.org\/{rel}","templated":true}]}}