{"id":213,"date":"2008-08-01T11:17:55","date_gmt":"2008-08-01T11:17:55","guid":{"rendered":"http:\/\/blogs.elcomercio.es\/sportingmania\/?p=213"},"modified":"2008-08-01T11:17:55","modified_gmt":"2008-08-01T11:17:55","slug":"la-escuela-canaria","status":"publish","type":"post","link":"https:\/\/blogs.elcomercio.es\/sportingmania\/2008\/08\/01\/la-escuela-canaria\/","title":{"rendered":"La escuela canaria"},"content":{"rendered":"<p><font face=\"Times New Roman\" size=\"3\"><strong> <\/p>\n<p class=\"MsoNormal\"><font face=\"Times New Roman\" size=\"3\">Carmelo se suma a los fichajes de Cu\u00e9llar, Maldonado y Diego Camacho. Aunque es un jugador que le gusta a Emilio de Dios y le encanta a Preciado, la negociaci\u00f3n fue r\u00e1pida y hasta llega por sorpresa.<\/font><\/p>\n<p class=\"MsoNormal\"><font face=\"Times New Roman\" size=\"3\">La presencia en Primera fue un factor determinante para que Carmelo cambiara el destino hac\u00eda Gij\u00f3n. Su GPS estaba en direcci\u00f3n a Vigo, despu\u00e9s de desestimar su regreso al H\u00e9rcules.<\/font><\/p>\n<p class=\"MsoNormal\"><font face=\"Times New Roman\" size=\"3\">Carmelo es un buen fichaje. Un jugador con t\u00e9cnica, propio de la buena escuela canaria. Es r\u00e1pido y tiene un buen regate. Tiene car\u00e1cter. En Gij\u00f3n fue expulsado la primera vez que vino, por una fricci\u00f3n con Pablo \u00c1lvarez. Es un futbolista que va a agradar a la afici\u00f3n rojiblanca, lo mismo que Maldonado. <\/font><\/p>\n<p class=\"MsoNormal\"><font face=\"Times New Roman\" size=\"3\">No ser\u00e1n los \u00fanicos. El Sporting trabaja en m\u00e1s fichajes. El lateral es una de las preocupaciones. Pedro podr\u00eda adaptarse al derecho. Jos\u00e9 \u00c1ngel, del filial, que jug\u00f3 en Baracaldo, es una buena opci\u00f3n, pero m\u00e1s de futuro.<\/font><\/p>\n<p class=\"MsoNormal\"><font face=\"Times New Roman\" size=\"3\">Las llegadas provocar\u00e1n salidas. Omar es el m\u00e1s pretendido. H\u00e9rcules y Elche preguntaron por su situaci\u00f3n. Pina no cuenta. Las cosas parecen claras. La plantilla se va perfilando, pero quedan detalles que apuntalar.<\/p>\n<p><\/font><font size=\"3\"><font face=\"Times New Roman\">PD.: Conozco un aficionado, de esos que no sabe lo que es pensar en positivo, que ya anuncia el descenso para la pr\u00f3xima temporada. Le recomendar\u00eda que analice el resto de plantillas de Primera. Seguro que pensar\u00eda lo mismo de otros seis o siete equipos. El a\u00f1o pasado nadie pensar\u00eda que el Zaragoza iba a bajar. <span><\/span><\/font><\/font><\/p>\n<p><\/strong><\/font><\/p>\n<!-- AddThis Advanced Settings generic via filter on the_content --><!-- AddThis Share Buttons generic via filter on the_content -->","protected":false},"excerpt":{"rendered":"<p>Carmelo se suma a los fichajes de Cu\u00e9llar, Maldonado y Diego Camacho. Aunque es un jugador que le gusta a Emilio de Dios y le encanta a Preciado, la negociaci\u00f3n fue r\u00e1pida y hasta llega por sorpresa. La presencia en Primera fue un factor determinante para que Carmelo cambiara el destino hac\u00eda Gij\u00f3n. Su GPS [&hellip;]<!-- AddThis Advanced Settings generic via filter on get_the_excerpt --><!-- AddThis Share Buttons generic via filter on get_the_excerpt --><\/p>\n","protected":false},"author":40,"featured_media":0,"comment_status":"open","ping_status":"open","sticky":false,"template":"","format":"standard","meta":[],"categories":[3],"tags":[],"_links":{"self":[{"href":"https:\/\/blogs.elcomercio.es\/sportingmania\/wp-json\/wp\/v2\/posts\/213"}],"collection":[{"href":"https:\/\/blogs.elcomercio.es\/sportingmania\/wp-json\/wp\/v2\/posts"}],"about":[{"href":"https:\/\/blogs.elcomercio.es\/sportingmania\/wp-json\/wp\/v2\/types\/post"}],"author":[{"embeddable":true,"href":"https:\/\/blogs.elcomercio.es\/sportingmania\/wp-json\/wp\/v2\/users\/40"}],"replies":[{"embeddable":true,"href":"https:\/\/blogs.elcomercio.es\/sportingmania\/wp-json\/wp\/v2\/comments?post=213"}],"version-history":[{"count":0,"href":"https:\/\/blogs.elcomercio.es\/sportingmania\/wp-json\/wp\/v2\/posts\/213\/revisions"}],"wp:attachment":[{"href":"https:\/\/blogs.elcomercio.es\/sportingmania\/wp-json\/wp\/v2\/media?parent=213"}],"wp:term":[{"taxonomy":"category","embeddable":true,"href":"https:\/\/blogs.elcomercio.es\/sportingmania\/wp-json\/wp\/v2\/categories?post=213"},{"taxonomy":"post_tag","embeddable":true,"href":"https:\/\/blogs.elcomercio.es\/sportingmania\/wp-json\/wp\/v2\/tags?post=213"}],"curies":[{"name":"wp","href":"https:\/\/api.w.org\/{rel}","templated":true}]}}