{"id":22,"date":"2007-07-31T14:51:08","date_gmt":"2007-07-31T14:51:08","guid":{"rendered":"http:\/\/blogs.elcomercio.es\/sportingmania\/?p=22"},"modified":"2007-07-31T14:51:08","modified_gmt":"2007-07-31T14:51:08","slug":"una-casa-locos","status":"publish","type":"post","link":"https:\/\/blogs.elcomercio.es\/sportingmania\/2007\/07\/31\/una-casa-locos\/","title":{"rendered":"Una casa de locos"},"content":{"rendered":"<p>Desde el mes de mayo, el cuadro t\u00e9cnico del Sporting hab\u00eda propuesto a Chus Bravo y Karanka como descartes, lo que se traslad\u00f3 al Consejo de Administraci\u00f3n. Con los interesados, s\u00f3lo Emilio de Dios habl\u00f3 con el defensa gijon\u00e9s, para comentarle que no estorbaba en el vestuario, aunque iba a tener pocas opciones de jugar. Sin embargo, el presidente dio orden de sacarlo como sea, porque nunca est\u00e1 disponible, ya que parece estar lesionado permanentemente.<br \/>\n          El delantero vitoriano s\u00f3lo recibi\u00f3 noticias por los medios informativos y por intermediarios a los que el Sporting les encarg\u00f3 colocarlo en otro equipo. Ning\u00fan responsable del club le notific\u00f3 su situaci\u00f3n.  \u00bfNo les parece asombroso?<br \/>\n          El lunes por la tarde, en una reuni\u00f3n en Mareo, a la que, por cierto, asisti\u00f3 don Jos\u00e9 Fern\u00e1ndez, se habl\u00f3 de la composici\u00f3n de la plantilla. No estuvo en la cita Emilio de Dios. Se habl\u00f3 de los descartes de Chus Bravo y de Karanka y del inter\u00e9s por Mena, Gaspar y Gerard, entre otros, y, como no, de Congo. El due\u00f1o del Sporting quer\u00eda quitarle ya la oferta al colombiano y decantarse por otro delantero. Se habl\u00f3 de Aranda, cuya trayectoria resulta conflictiva. Todo ello al margen del director deportivo, quien no valor\u00f3 esta opci\u00f3n. \u00bfM\u00e1s asombroso?<br \/>\n          El colmo es que ahora se le quiere proponer a Karanka la renovaci\u00f3n de su contrato que acaba dentro de un a\u00f1o. Se le ofrecen dos campa\u00f1as. \u00bfEn qu\u00e9 quedamos? \u00bfLo mandan marchar o lo dejan m\u00e1s tiempo?<br \/>\n          Supongo que al final se har\u00e1 lo que diga Fern\u00e1ndez, que ejerce de due\u00f1o, presidente y secretario t\u00e9cnico. Pero todo en la sombra. Si preguntan a Vega-Arango les dir\u00e1 que como m\u00e1ximo accionista tiene derecho a conocer las cosas que se hacen en el club, pero que no influye en el gobierno diario de la entidad. \u00bfSer\u00e1 verdad?<\/p>\n<!-- AddThis Advanced Settings generic via filter on the_content --><!-- AddThis Share Buttons generic via filter on the_content -->","protected":false},"excerpt":{"rendered":"<p>Desde el mes de mayo, el cuadro t\u00e9cnico del Sporting hab\u00eda propuesto a Chus Bravo y Karanka como descartes, lo que se traslad\u00f3 al Consejo de Administraci\u00f3n. Con los interesados, s\u00f3lo Emilio de Dios habl\u00f3 con el defensa gijon\u00e9s, para comentarle que no estorbaba en el vestuario, aunque iba a tener pocas opciones de jugar. [&hellip;]<!-- AddThis Advanced Settings generic via filter on get_the_excerpt --><!-- AddThis Share Buttons generic via filter on get_the_excerpt --><\/p>\n","protected":false},"author":40,"featured_media":0,"comment_status":"open","ping_status":"open","sticky":false,"template":"","format":"standard","meta":[],"categories":[3],"tags":[],"_links":{"self":[{"href":"https:\/\/blogs.elcomercio.es\/sportingmania\/wp-json\/wp\/v2\/posts\/22"}],"collection":[{"href":"https:\/\/blogs.elcomercio.es\/sportingmania\/wp-json\/wp\/v2\/posts"}],"about":[{"href":"https:\/\/blogs.elcomercio.es\/sportingmania\/wp-json\/wp\/v2\/types\/post"}],"author":[{"embeddable":true,"href":"https:\/\/blogs.elcomercio.es\/sportingmania\/wp-json\/wp\/v2\/users\/40"}],"replies":[{"embeddable":true,"href":"https:\/\/blogs.elcomercio.es\/sportingmania\/wp-json\/wp\/v2\/comments?post=22"}],"version-history":[{"count":0,"href":"https:\/\/blogs.elcomercio.es\/sportingmania\/wp-json\/wp\/v2\/posts\/22\/revisions"}],"wp:attachment":[{"href":"https:\/\/blogs.elcomercio.es\/sportingmania\/wp-json\/wp\/v2\/media?parent=22"}],"wp:term":[{"taxonomy":"category","embeddable":true,"href":"https:\/\/blogs.elcomercio.es\/sportingmania\/wp-json\/wp\/v2\/categories?post=22"},{"taxonomy":"post_tag","embeddable":true,"href":"https:\/\/blogs.elcomercio.es\/sportingmania\/wp-json\/wp\/v2\/tags?post=22"}],"curies":[{"name":"wp","href":"https:\/\/api.w.org\/{rel}","templated":true}]}}