{"id":23,"date":"2007-08-01T16:28:39","date_gmt":"2007-08-01T16:28:39","guid":{"rendered":"http:\/\/blogs.elcomercio.es\/sportingmania\/?p=23"},"modified":"2007-08-01T16:28:39","modified_gmt":"2007-08-01T16:28:39","slug":"el-epilogo-del-caso-congo","status":"publish","type":"post","link":"https:\/\/blogs.elcomercio.es\/sportingmania\/2007\/08\/01\/el-epilogo-del-caso-congo\/","title":{"rendered":"El ep\u00edlogo del caso Congo"},"content":{"rendered":"<p>Preciado est\u00e1 convencido de que Congo acabar\u00e1 en Gij\u00f3n. El m\u00edster est\u00e1 seguro que cuando marque el primer gol todos se habr\u00e1n olvidado de la falta de palabra y de criterio que demostr\u00f3 el colombiano con el Sporting y su afici\u00f3n. Pero,por mucho que el entrenador crea en el delantero sudamericano, un jugador que se march\u00f3 de Gij\u00f3n con unas muestras de cari\u00f1o tan palpables, no puede tener un comportamiento con el Sporting como este.<br \/>\n          Desde el primer momento, el deseo de Congo es jugar en Primera, lo que es muy l\u00edcito y respetable. Y est\u00e1 dispuesto a esperar hasta el \u00faltimo d\u00eda del plazo, aunque eso no se lo dijo al Sporting. Para dar largas dej\u00f3 caer promesas. Vega-Arango trat\u00f3 de taparlo cuando se le esperaba hace una semana. El presidente suele justificar lo que haga falta. Por eso se le sorprende en renuncios con tanta facilidad y frecuencia, aunque asegure que nunca miente. Hace una semana dijo que se iba a esperar por Congo hasta el 31 de agosto. Ahora, no. Tambi\u00e9n dio orden de que se le buscase equipo a Karanka. Y ahora le ofrece la renovaci\u00f3n.<br \/>\n          De momento, a Congo se le retira la oferta, con lo que es f\u00e1cil que el colombiano d\u00e9 por rota su negociaci\u00f3n con el Sporting. Esto significa que el &#8216;caso Congo&#8217; en el club gijon\u00e9s lleg\u00f3 a su final. No merece la pena esperar pro alquien que te deja como plato de segunda mesa con tan poco tacto. El f\u00fatbol se mueve por la ley de la oferta y la demanda, pero tambi\u00e9n hay normas de comportamiento que, en este caso, Congo, gran jugador, no supo respetar.<br \/>\n          Emilio de Dios tiene en cartera un delantero, m\u00e1s joven que Congo y con caracter\u00edsticas de goleador. Por lo menos, tanto como el colombiano, que no es una cifra excesiva. Y de caro, similar. \u00bfA qu\u00e9 se espera en el seno del consejo?<\/p>\n<!-- AddThis Advanced Settings generic via filter on the_content --><!-- AddThis Share Buttons generic via filter on the_content -->","protected":false},"excerpt":{"rendered":"<p>Preciado est\u00e1 convencido de que Congo acabar\u00e1 en Gij\u00f3n. El m\u00edster est\u00e1 seguro que cuando marque el primer gol todos se habr\u00e1n olvidado de la falta de palabra y de criterio que demostr\u00f3 el colombiano con el Sporting y su afici\u00f3n. Pero,por mucho que el entrenador crea en el delantero sudamericano, un jugador que se [&hellip;]<!-- AddThis Advanced Settings generic via filter on get_the_excerpt --><!-- AddThis Share Buttons generic via filter on get_the_excerpt --><\/p>\n","protected":false},"author":40,"featured_media":0,"comment_status":"open","ping_status":"open","sticky":false,"template":"","format":"standard","meta":[],"categories":[3],"tags":[],"_links":{"self":[{"href":"https:\/\/blogs.elcomercio.es\/sportingmania\/wp-json\/wp\/v2\/posts\/23"}],"collection":[{"href":"https:\/\/blogs.elcomercio.es\/sportingmania\/wp-json\/wp\/v2\/posts"}],"about":[{"href":"https:\/\/blogs.elcomercio.es\/sportingmania\/wp-json\/wp\/v2\/types\/post"}],"author":[{"embeddable":true,"href":"https:\/\/blogs.elcomercio.es\/sportingmania\/wp-json\/wp\/v2\/users\/40"}],"replies":[{"embeddable":true,"href":"https:\/\/blogs.elcomercio.es\/sportingmania\/wp-json\/wp\/v2\/comments?post=23"}],"version-history":[{"count":0,"href":"https:\/\/blogs.elcomercio.es\/sportingmania\/wp-json\/wp\/v2\/posts\/23\/revisions"}],"wp:attachment":[{"href":"https:\/\/blogs.elcomercio.es\/sportingmania\/wp-json\/wp\/v2\/media?parent=23"}],"wp:term":[{"taxonomy":"category","embeddable":true,"href":"https:\/\/blogs.elcomercio.es\/sportingmania\/wp-json\/wp\/v2\/categories?post=23"},{"taxonomy":"post_tag","embeddable":true,"href":"https:\/\/blogs.elcomercio.es\/sportingmania\/wp-json\/wp\/v2\/tags?post=23"}],"curies":[{"name":"wp","href":"https:\/\/api.w.org\/{rel}","templated":true}]}}