{"id":231,"date":"2008-09-10T19:13:54","date_gmt":"2008-09-10T19:13:54","guid":{"rendered":"http:\/\/blogs.elcomercio.es\/sportingmania\/?p=231"},"modified":"2008-09-10T19:13:54","modified_gmt":"2008-09-10T19:13:54","slug":"revolucion-preciado","status":"publish","type":"post","link":"https:\/\/blogs.elcomercio.es\/sportingmania\/2008\/09\/10\/revolucion-preciado\/","title":{"rendered":"Revoluci\u00f3n Preciado"},"content":{"rendered":"<p><span><strong> <\/p>\n<p class=\"MsoNormal\"><span><img loading=\"lazy\" class=\"imgdcha\" height=\"274\" src=\"\/\/blogs.elcomerciodigital.com\/\/sportingmania\/files\/carmelo.jpg\" width=\"384\">Parece que Preciado prepara una especie de revoluci\u00f3n. Cuatro cambios se vieron en el entrenamiento. El de Maldonado es el m\u00e1s esperado. El de Carmelo se entiende, porque ante el Getafe dio sensaci\u00f3n de estar m\u00e1s entonado que Kike Mateo, aunque en la sesi\u00f3n de esta ma\u00f1ana el canario anot\u00f3 un gol y el murciano estuvo activo en el intento de disparo a porter\u00eda. El de Bilic, tambi\u00e9n, por su eficacia goleadora, aunque mantendr\u00e1 una dura pugna con Barral, que cuando se vio con los te\u00f3ricos reservas sac\u00f3 a relucir su raza. La lucha por un puesto ser\u00e1 similar en todas las demarcaciones. Ese es uno de los \u00e9xitos de Preciado.<\/p>\n<p><\/span><span>Queda Colin. El holand\u00e9s no est\u00e1 adaptado. El idioma es un problema serio y, de momento, no tiene entendimiento con sus compa\u00f1eros. Por lo visto esta ma\u00f1ana, no parece que est\u00e9 en condiciones de jugar, aunque es de suponer que Preciado quiere jugadores r\u00e1pidos, para frenar la habilidad de los delanteros sevillistas. Dio sensaci\u00f3n de estar fuera de sitio, sin que sus compa\u00f1eros de l\u00ednea se sientan confiados.<\/p>\n<p><\/span><span>En la sesi\u00f3n, Cu\u00e9llar no dio sensaci\u00f3n de seguridad. El extreme\u00f1o parece nervioso, precipitado en algunas intervenciones, como si acusara tambi\u00e9n falta de adaptaci\u00f3n o de entendimiento. En el Eibar jugaba m\u00e1s arropado. El Sporting es diferente. Tal y como est\u00e1n las cosas, me da la sensaci\u00f3n de que Sergio S\u00e1nchez mantendr\u00e1 la titularidad.<\/p>\n<p><\/span><span>Tambi\u00e9n est\u00e1 Diego Camacho, que lleg\u00f3 m\u00e1s tarde y sigue con alguna molestia en un costado. Se queda fuera de los que optan a la titularidad en el S\u00e1nchez Pizju\u00e1n.<\/p>\n<p><\/span><span>Revoluciones aparte, Sevilla es una plaza complicada, tiene un buen equipo y una delantera de las que puede poner en evidencia a cualquiera, pero esto es f\u00fatbol, se empieza con empate y once contra once, frases atribuidas a Boskov. En circunstancias m\u00e1s adversas se logr\u00f3 puntuar. De momento, el partido hay que jugarlo.<\/span><\/p>\n<p><\/strong><\/span><\/p>\n<!-- AddThis Advanced Settings generic via filter on the_content --><!-- AddThis Share Buttons generic via filter on the_content -->","protected":false},"excerpt":{"rendered":"<p>Parece que Preciado prepara una especie de revoluci\u00f3n. Cuatro cambios se vieron en el entrenamiento. El de Maldonado es el m\u00e1s esperado. El de Carmelo se entiende, porque ante el Getafe dio sensaci\u00f3n de estar m\u00e1s entonado que Kike Mateo, aunque en la sesi\u00f3n de esta ma\u00f1ana el canario anot\u00f3 un gol y el murciano [&hellip;]<!-- AddThis Advanced Settings generic via filter on get_the_excerpt --><!-- AddThis Share Buttons generic via filter on get_the_excerpt --><\/p>\n","protected":false},"author":40,"featured_media":0,"comment_status":"open","ping_status":"open","sticky":false,"template":"","format":"standard","meta":[],"categories":[3],"tags":[],"_links":{"self":[{"href":"https:\/\/blogs.elcomercio.es\/sportingmania\/wp-json\/wp\/v2\/posts\/231"}],"collection":[{"href":"https:\/\/blogs.elcomercio.es\/sportingmania\/wp-json\/wp\/v2\/posts"}],"about":[{"href":"https:\/\/blogs.elcomercio.es\/sportingmania\/wp-json\/wp\/v2\/types\/post"}],"author":[{"embeddable":true,"href":"https:\/\/blogs.elcomercio.es\/sportingmania\/wp-json\/wp\/v2\/users\/40"}],"replies":[{"embeddable":true,"href":"https:\/\/blogs.elcomercio.es\/sportingmania\/wp-json\/wp\/v2\/comments?post=231"}],"version-history":[{"count":0,"href":"https:\/\/blogs.elcomercio.es\/sportingmania\/wp-json\/wp\/v2\/posts\/231\/revisions"}],"wp:attachment":[{"href":"https:\/\/blogs.elcomercio.es\/sportingmania\/wp-json\/wp\/v2\/media?parent=231"}],"wp:term":[{"taxonomy":"category","embeddable":true,"href":"https:\/\/blogs.elcomercio.es\/sportingmania\/wp-json\/wp\/v2\/categories?post=231"},{"taxonomy":"post_tag","embeddable":true,"href":"https:\/\/blogs.elcomercio.es\/sportingmania\/wp-json\/wp\/v2\/tags?post=231"}],"curies":[{"name":"wp","href":"https:\/\/api.w.org\/{rel}","templated":true}]}}