{"id":233,"date":"2008-09-16T13:39:19","date_gmt":"2008-09-16T13:39:19","guid":{"rendered":"http:\/\/blogs.elcomercio.es\/sportingmania\/?p=233"},"modified":"2008-09-16T13:39:19","modified_gmt":"2008-09-16T13:39:19","slug":"la-tactica-viesca","status":"publish","type":"post","link":"https:\/\/blogs.elcomercio.es\/sportingmania\/2008\/09\/16\/la-tactica-viesca\/","title":{"rendered":"La t\u00e1ctica de Viesca"},"content":{"rendered":"<p><font face=\"Times New Roman\" size=\"3\"><strong> <\/p>\n<p class=\"MsoNormal\"><font face=\"Times New Roman\" size=\"3\"><img loading=\"lazy\" class=\"imgdcha\" height=\"292\" src=\"\/\/blogs.elcomerciodigital.com\/\/sportingmania\/files\/maldonado.jpg\" width=\"496\">Despu\u00e9s de los goles recibidos en los dos \u00faltimos partidos y la fragilidad del sistema defensivo del Sporting, parece que Preciado no s\u00f3lo har\u00e1 cambios de jugadores, sino que tambi\u00e9n modificar\u00e1 su estilo.<\/font><\/p>\n<p class=\"MsoNormal\"><font face=\"Times New Roman\" size=\"3\">Contra el Barcelona, el t\u00e9cnico monta\u00f1\u00e9s tiene previsto retrasar algo el equipo, para dejar los menos espacios posibles a las superestrellas azulgrana. El Sporting, en su filial, tuvo un entrenador peculiar, con un lenguaje futbolero muy especial. El mierense Jos\u00e9 Luis Viesca, residente en Pontevedra desde que dej\u00f3 el f\u00fatbol como jugador, arengaba a sus jugadores con su t\u00e1ctica preferida, que era la de \u201cazorrataos atr\u00e1s y saliendo como fleches\u201d. As\u00ed era como lo explicaba en el vestuario a los chavales.<\/font><\/p>\n<p class=\"MsoNormal\"><font face=\"Times New Roman\" size=\"3\">Algo parecido puede ser lo que haga Preciado el domingo, aunque su estilo ofensivo parece dif\u00edcil que se difumine tanto, pero con tanto gol recibido y, sobre todo, en unas circunstancias alarmantes, no es para menos. Nadie se rasga las vestiduras por perder en el campo del Sevilla, pero si es para quedar algo &#8216;tocado&#8217; cuando se regalan los goles de la forma que vimos ante el Getafe y en el S\u00e1nchez Pizju\u00e1n. <\/font><\/p>\n<p class=\"MsoNormal\"><font face=\"Times New Roman\" size=\"3\">Que la Liga del Sporting empieza despu\u00e9s del Villarreal es algo que no se le escapa a nadie, pero los puntos perdidos ahora duelen por la forma, no por los rivales que tuvieron los chavales de Preciado.<\/p>\n<p><\/font><font face=\"Times New Roman\" size=\"3\">PD.: Alguien no entendi\u00f3 el asunto de las entradas de regalo. Algunos aficionados demuestran su sportinguismo con un seguimiento al equipo. Otros van a los hoteles de concentraci\u00f3n s\u00f3lo por si cae la entrada gratis y, si no la tienen, no van al f\u00fatbol. Existe una pe\u00f1a, denominada sportinguista, que iba al estadio a ver &#8216;su&#8217; Sporting en funci\u00f3n de las entradas que les daban. Ahora, con las limitaciones marcadas por los clubes eso se redujo. Por eso digo que al f\u00fatbol no queda m\u00e1s remedio que ir pagando, salvo excepciones, como en el teatro o en cualquier otro espect\u00e1culo, no porque sea indigno pedir una entrada. Si las hay, fenomenal. Y mejor para alguien que siente y luce los colores. Otra cosa son las cuestiones personales de simpat\u00edas o antipat\u00edas.<\/font><\/strong><\/font><\/p>\n<!-- AddThis Advanced Settings generic via filter on the_content --><!-- AddThis Share Buttons generic via filter on the_content -->","protected":false},"excerpt":{"rendered":"<p>Despu\u00e9s de los goles recibidos en los dos \u00faltimos partidos y la fragilidad del sistema defensivo del Sporting, parece que Preciado no s\u00f3lo har\u00e1 cambios de jugadores, sino que tambi\u00e9n modificar\u00e1 su estilo. Contra el Barcelona, el t\u00e9cnico monta\u00f1\u00e9s tiene previsto retrasar algo el equipo, para dejar los menos espacios posibles a las superestrellas azulgrana. [&hellip;]<!-- AddThis Advanced Settings generic via filter on get_the_excerpt --><!-- AddThis Share Buttons generic via filter on get_the_excerpt --><\/p>\n","protected":false},"author":40,"featured_media":0,"comment_status":"open","ping_status":"open","sticky":false,"template":"","format":"standard","meta":[],"categories":[3],"tags":[],"_links":{"self":[{"href":"https:\/\/blogs.elcomercio.es\/sportingmania\/wp-json\/wp\/v2\/posts\/233"}],"collection":[{"href":"https:\/\/blogs.elcomercio.es\/sportingmania\/wp-json\/wp\/v2\/posts"}],"about":[{"href":"https:\/\/blogs.elcomercio.es\/sportingmania\/wp-json\/wp\/v2\/types\/post"}],"author":[{"embeddable":true,"href":"https:\/\/blogs.elcomercio.es\/sportingmania\/wp-json\/wp\/v2\/users\/40"}],"replies":[{"embeddable":true,"href":"https:\/\/blogs.elcomercio.es\/sportingmania\/wp-json\/wp\/v2\/comments?post=233"}],"version-history":[{"count":0,"href":"https:\/\/blogs.elcomercio.es\/sportingmania\/wp-json\/wp\/v2\/posts\/233\/revisions"}],"wp:attachment":[{"href":"https:\/\/blogs.elcomercio.es\/sportingmania\/wp-json\/wp\/v2\/media?parent=233"}],"wp:term":[{"taxonomy":"category","embeddable":true,"href":"https:\/\/blogs.elcomercio.es\/sportingmania\/wp-json\/wp\/v2\/categories?post=233"},{"taxonomy":"post_tag","embeddable":true,"href":"https:\/\/blogs.elcomercio.es\/sportingmania\/wp-json\/wp\/v2\/tags?post=233"}],"curies":[{"name":"wp","href":"https:\/\/api.w.org\/{rel}","templated":true}]}}