{"id":234,"date":"2008-09-17T01:13:55","date_gmt":"2008-09-17T01:13:55","guid":{"rendered":"http:\/\/blogs.elcomercio.es\/sportingmania\/?p=234"},"modified":"2008-09-17T01:13:55","modified_gmt":"2008-09-17T01:13:55","slug":"la-fiesta-del-gol","status":"publish","type":"post","link":"https:\/\/blogs.elcomercio.es\/sportingmania\/2008\/09\/17\/la-fiesta-del-gol\/","title":{"rendered":"La fiesta del gol"},"content":{"rendered":"<p><font face=\"Times New Roman\" size=\"3\"><strong> <\/p>\n<p class=\"MsoNormal\"><font face=\"Times New Roman\" size=\"3\"><img class=\"imgdcha\" src=\"\/\/blogs.elcomerciodigital.com\/\/sportingmania\/files\/ConCruyff.jpg\">El viernes tendr\u00e1 lugar en el restaurante Las Delicias la entrega de la primera edici\u00f3n de los premios que llevan el nombre de Quini. La Federaci\u00f3n de Pe\u00f1as Sportinguistas quiso dar un realce especial al acontecimiento, para lo que contact\u00f3 con dirigentes del Barcelona, entidad en la que el Brujo milit\u00f3 con \u00e9xito. Tal vez la gesti\u00f3n tuvo poco poder de convocatoria o quiz\u00e1 sea complicado entender algunos mundos en los que se mueven supuestos divos del f\u00fatbol.<\/p>\n<p><\/font><font size=\"3\"><font face=\"Times New Roman\">El se\u00f1or Laporta tiene una agenda muy apretada. No puede venir ese d\u00eda, aunque el s\u00e1bado andar\u00e1 por el valle de San Jos\u00e9 de Tur\u00f3n, con pe\u00f1istas de su club. No le tocar\u00e1 bajar a la mina, como hab\u00eda dicho en un principio. Bueno, todo puede suceder. Le deseo que lo pase muy bien en esta tierra asturiana, menos el domingo entre las nueve y las once de la noche.<\/p>\n<p><\/font><\/font><font face=\"Times New Roman\" size=\"3\">Tampoco estar\u00e1 Johan Cruyff. El holand\u00e9s no tiene problemas de tiempo. El asunto es la pela. Por venir tiene un cach\u00e9, adem\u00e1s de los gastos de desplazamiento y estancia. Ni siquiera se entr\u00f3 en discusi\u00f3n alguna sobre los precios. El protagonista es Quini, para entregar los trofeos a los m\u00e1ximos goleadores de la pasada temporada en todas las categor\u00edas asturianas. El acto de entrega tiene un presupuesto, pero no da para pagar la ficha de Cruyff para que asista. Ni se hab\u00eda ocurrido que pudiera crearse una partida para tal efecto.<\/p>\n<p><\/font><font face=\"Times New Roman\" size=\"3\">Para los que estamos acostumbrados a la sencillez de un crack, como es Quini, nos resulta complicado entender la forma de actuar de Johan Cruyff. Hay que meter moneda para que se hable. En cambio, Quini, querido en todas las aficiones espa\u00f1olas, es incapaz a decir que no a un aut\u00f3grafo o a una fotograf\u00eda, auqnue a veces est\u00e1 cansado y hasta agotado por su trabajo y en la situaci\u00f3n de convalecencia en la que se encuentra.<\/p>\n<p><\/font><font face=\"Times New Roman\" size=\"3\">En su momento, el sue\u00f1o de Agust\u00edn Montal, presidente del Barcelona en los a\u00f1os 70, fue juntar en un mismo equipo a Quini y Cruyff, con la intenci\u00f3n de asegurar la supremac\u00eda del f\u00fatbol espa\u00f1ol para el Bar\u00e7a. Deportivamente hubiera sido un bombazo, pero \u00c1ngel Viejo, primero, y Manuel Vega-Arango, despu\u00e9s, lo evitaron, por el bien del Sporting. El brujo y el holand\u00e9s s\u00f3lo se vieron como rivales. Volver a reencontrarse hubiera sido un detalle, pero no echaremos de menos al holand\u00e9s en la fiesta del gol. \u00c9l se lo pierde.<\/font><\/p>\n<p><\/strong><\/font><\/p>\n<!-- AddThis Advanced Settings generic via filter on the_content --><!-- AddThis Share Buttons generic via filter on the_content -->","protected":false},"excerpt":{"rendered":"<p>El viernes tendr\u00e1 lugar en el restaurante Las Delicias la entrega de la primera edici\u00f3n de los premios que llevan el nombre de Quini. La Federaci\u00f3n de Pe\u00f1as Sportinguistas quiso dar un realce especial al acontecimiento, para lo que contact\u00f3 con dirigentes del Barcelona, entidad en la que el Brujo milit\u00f3 con \u00e9xito. Tal vez [&hellip;]<!-- AddThis Advanced Settings generic via filter on get_the_excerpt --><!-- AddThis Share Buttons generic via filter on get_the_excerpt --><\/p>\n","protected":false},"author":40,"featured_media":0,"comment_status":"open","ping_status":"open","sticky":false,"template":"","format":"standard","meta":[],"categories":[3],"tags":[],"_links":{"self":[{"href":"https:\/\/blogs.elcomercio.es\/sportingmania\/wp-json\/wp\/v2\/posts\/234"}],"collection":[{"href":"https:\/\/blogs.elcomercio.es\/sportingmania\/wp-json\/wp\/v2\/posts"}],"about":[{"href":"https:\/\/blogs.elcomercio.es\/sportingmania\/wp-json\/wp\/v2\/types\/post"}],"author":[{"embeddable":true,"href":"https:\/\/blogs.elcomercio.es\/sportingmania\/wp-json\/wp\/v2\/users\/40"}],"replies":[{"embeddable":true,"href":"https:\/\/blogs.elcomercio.es\/sportingmania\/wp-json\/wp\/v2\/comments?post=234"}],"version-history":[{"count":0,"href":"https:\/\/blogs.elcomercio.es\/sportingmania\/wp-json\/wp\/v2\/posts\/234\/revisions"}],"wp:attachment":[{"href":"https:\/\/blogs.elcomercio.es\/sportingmania\/wp-json\/wp\/v2\/media?parent=234"}],"wp:term":[{"taxonomy":"category","embeddable":true,"href":"https:\/\/blogs.elcomercio.es\/sportingmania\/wp-json\/wp\/v2\/categories?post=234"},{"taxonomy":"post_tag","embeddable":true,"href":"https:\/\/blogs.elcomercio.es\/sportingmania\/wp-json\/wp\/v2\/tags?post=234"}],"curies":[{"name":"wp","href":"https:\/\/api.w.org\/{rel}","templated":true}]}}