{"id":239,"date":"2008-09-25T04:46:23","date_gmt":"2008-09-25T04:46:23","guid":{"rendered":"http:\/\/blogs.elcomercio.es\/sportingmania\/?p=239"},"modified":"2008-09-25T04:46:23","modified_gmt":"2008-09-25T04:46:23","slug":"experimento-bochornoso","status":"publish","type":"post","link":"https:\/\/blogs.elcomercio.es\/sportingmania\/2008\/09\/25\/experimento-bochornoso\/","title":{"rendered":"Experimento bochornoso"},"content":{"rendered":"<p><font face=\"Times New Roman\" size=\"3\"><strong> <\/p>\n<p class=\"MsoNormal\"><font face=\"Times New Roman\" size=\"3\"><img loading=\"lazy\" class=\"imgcen\" height=\"1074\" src=\"\/\/blogs.elcomerciodigital.com\/\/sportingmania\/files\/partido.JPG\" width=\"1437\">He preferido esperar. Hacer mi trabajo en el peri\u00f3dico y cenar, con tranquilidad. Tengo que confesar que sal\u00ed encendido del Santiago Bernabeu. Ver un espect\u00e1culo defensivo tan bochornoso y acabar con un 7-1 fue indignante, pero ver aquellas gradas con la gente del Sporting apoyando al club de una forma tan incondicional y en unas condiciones tan humillantes, es un motivo para que el Consejo de Administraci\u00f3n abra un periodo de meditaci\u00f3n profunda.<\/font><\/p>\n<p class=\"MsoNormal\"><font face=\"Times New Roman\" size=\"3\">Aqu\u00ed tiene que haber culpables. Y que no me cuenten la milonga de las deudas concursales. Hay un director deportivo, don Emilio de Dios, que se encarg\u00f3 de los fichajes, y un entrenador, don Manuel Preciado, que se bastaba con esta plantilla. Y, aunque todo el mundo sab\u00eda que hac\u00eda falta reforzar la defensa, tanto los m\u00e1ximos accionistas como el Consejo no forzaron la situaci\u00f3n como debieran.<\/font><\/p>\n<p class=\"MsoNormal\"><font face=\"Times New Roman\" size=\"3\">\u00bfQu\u00e9 nos queda? Rezar y esperar que con parches se pueda mantener la situaci\u00f3n hasta diciembre, para fichar jugadores para enero, que cambien la din\u00e1mica. Ojo, que fichar para enero no quiere decir que haya que esperar al mismo mes de enero. Se puede tener algo preparado para noviembre o diciembre, porque creo que esto tiene soluci\u00f3n. O debe tenerla.<\/font><\/p>\n<p class=\"MsoNormal\"><font face=\"Times New Roman\" size=\"3\">La afici\u00f3n del Sporting no se merece estas humillaciones. Me dec\u00edan dos periodistas ingleses y otro \u00e1rabe, en el palco de prensa del Bernabeu, que no entend\u00edan como un club como el Sporting, con la afici\u00f3n que tiene, se permita a su equipo actuaciones como la de anoche.<\/font><\/p>\n<p class=\"MsoNormal\"><font face=\"Times New Roman\" size=\"3\">Alguien tiene que dar un pu\u00f1etazo en la mesa. Ya basta de hablar de adaptaci\u00f3n, de rotaciones y de disculpas similares. A un equipo indolente, como el de anoche, hay que aplicarle alg\u00fan correctivo. De nada vale estar bien situado en el campo, de mantener las l\u00edneas juntas y hasta asustar a todo un Real Madrid, si luego se tira todo por la borda con ligerezas defensivas. Muchos critican a Sastre, pero es el mejor lateral que tiene este equipo, con todas las carencias que pueda tener.<\/font><\/p>\n<p class=\"MsoNormal\"><font face=\"Times New Roman\" size=\"3\">Al salir del Bernabeu, varios seguidores echaron la culpa a Sergio, quien probablemente va a pagar los platos rotos el s\u00e1bado, para dejar el puesto a Cuellar. El portero, que luego tuvo sus fallos, no encauz\u00f3 la derrota. El problema me parece que es m\u00e1s serio.<\/font><\/p>\n<p class=\"MsoNormal\"><font face=\"Times New Roman\" size=\"3\"><\/font><\/p>\n<p class=\"MsoNormal\">PD.: Lo mejor del viaje fueron los detalles del Real Madrid con Quini. Casillas y Ra\u00fal le entregaron sus camisetas y Ram\u00f3n Calder\u00f3n le impuso la insignia de oro de la entidad merengue. El brujo no tiene la del Barcelona, que fue su equipo. A la entrega de los premios que llevan su nombre, Cruyff s\u00f3lo aceptaba venir a Gij\u00f3n cobrando y Laporta no dio se\u00f1ales de vida, aunque al d\u00eda siguiente se dej\u00f3 ver por Tur\u00f3n. Ser se\u00f1or no se ense\u00f1a en ninguna universidad. <\/strong><\/font><\/p>\n<!-- AddThis Advanced Settings generic via filter on the_content --><!-- AddThis Share Buttons generic via filter on the_content -->","protected":false},"excerpt":{"rendered":"<p>He preferido esperar. Hacer mi trabajo en el peri\u00f3dico y cenar, con tranquilidad. Tengo que confesar que sal\u00ed encendido del Santiago Bernabeu. Ver un espect\u00e1culo defensivo tan bochornoso y acabar con un 7-1 fue indignante, pero ver aquellas gradas con la gente del Sporting apoyando al club de una forma tan incondicional y en unas [&hellip;]<!-- AddThis Advanced Settings generic via filter on get_the_excerpt --><!-- AddThis Share Buttons generic via filter on get_the_excerpt --><\/p>\n","protected":false},"author":40,"featured_media":0,"comment_status":"open","ping_status":"open","sticky":false,"template":"","format":"standard","meta":[],"categories":[3],"tags":[],"_links":{"self":[{"href":"https:\/\/blogs.elcomercio.es\/sportingmania\/wp-json\/wp\/v2\/posts\/239"}],"collection":[{"href":"https:\/\/blogs.elcomercio.es\/sportingmania\/wp-json\/wp\/v2\/posts"}],"about":[{"href":"https:\/\/blogs.elcomercio.es\/sportingmania\/wp-json\/wp\/v2\/types\/post"}],"author":[{"embeddable":true,"href":"https:\/\/blogs.elcomercio.es\/sportingmania\/wp-json\/wp\/v2\/users\/40"}],"replies":[{"embeddable":true,"href":"https:\/\/blogs.elcomercio.es\/sportingmania\/wp-json\/wp\/v2\/comments?post=239"}],"version-history":[{"count":0,"href":"https:\/\/blogs.elcomercio.es\/sportingmania\/wp-json\/wp\/v2\/posts\/239\/revisions"}],"wp:attachment":[{"href":"https:\/\/blogs.elcomercio.es\/sportingmania\/wp-json\/wp\/v2\/media?parent=239"}],"wp:term":[{"taxonomy":"category","embeddable":true,"href":"https:\/\/blogs.elcomercio.es\/sportingmania\/wp-json\/wp\/v2\/categories?post=239"},{"taxonomy":"post_tag","embeddable":true,"href":"https:\/\/blogs.elcomercio.es\/sportingmania\/wp-json\/wp\/v2\/tags?post=239"}],"curies":[{"name":"wp","href":"https:\/\/api.w.org\/{rel}","templated":true}]}}