{"id":26,"date":"2007-08-04T14:39:47","date_gmt":"2007-08-04T14:39:47","guid":{"rendered":"http:\/\/blogs.elcomercio.es\/sportingmania\/?p=26"},"modified":"2007-08-04T14:39:47","modified_gmt":"2007-08-04T14:39:47","slug":"historias-mareo","status":"publish","type":"post","link":"https:\/\/blogs.elcomercio.es\/sportingmania\/2007\/08\/04\/historias-mareo\/","title":{"rendered":"Historias de Mareo"},"content":{"rendered":"<p class=\"MsoNormal\"><span>Esta ma\u00f1ana tuve la ocasi\u00f3n de hablar durante unos minutos con Preciado. No quiere o\u00edr nada de Congo, pero en el fondo espera por el colombiano. Es su delantero preferido, incluso por encima de los otros nombres barajados por Emilio de Dios, como el b\u00e9tico Maldonado o el alavesista Jandro, aunque tiene otro m\u00e1s en su agenda. No es por marear, pero la oferta del Sporting a Congo sigue en pie. Lo que dijo Vega-Arango de que se le retiraba es una t\u00e1ctica para frenar el malestar de la afici\u00f3n y tratar de aparcar el caso.<\/span><br \/>\n<span><font face=\"Verdana\"><\/font>          Y ahora que hablo de mareos y de Vega-Arango, el presidente se las ingeni\u00f3 para domar las opiniones de sus compa\u00f1eros de consejo y llevar el partido del Sporting B contra el Oviedo a El Molin\u00f3n. Se sali\u00f3 con la suya, aunque es una medida impopular, con un argumento absurdo, como el de la comodidad. \u00bfLos seguidores del Sporting, a los que se debe Vega-Arango, s\u00f3lo merecen la comodidad de El Molin\u00f3n con el filial cuando nos visita el Oviedo? A ver qu\u00e9 decide el se\u00f1or presidente cuando la visita sea de otro equipo, como el Ceares, por ejemplo, que, adem\u00e1s, es colaborador de Mareo y con una directiva que s\u00ed puede ser invitada al palco. Abril El Molin\u00f3n tiene un coste cuatro veces superior al de Mareo y no creo que la situaci\u00f3n est\u00e9 para dispendios. El se\u00f1or\u00edo de don Manuel y la comodidad de la que habla cuesta dinero. <\/span><\/p>\n<!-- AddThis Advanced Settings generic via filter on the_content --><!-- AddThis Share Buttons generic via filter on the_content -->","protected":false},"excerpt":{"rendered":"<p>Esta ma\u00f1ana tuve la ocasi\u00f3n de hablar durante unos minutos con Preciado. No quiere o\u00edr nada de Congo, pero en el fondo espera por el colombiano. Es su delantero preferido, incluso por encima de los otros nombres barajados por Emilio de Dios, como el b\u00e9tico Maldonado o el alavesista Jandro, aunque tiene otro m\u00e1s en [&hellip;]<!-- AddThis Advanced Settings generic via filter on get_the_excerpt --><!-- AddThis Share Buttons generic via filter on get_the_excerpt --><\/p>\n","protected":false},"author":40,"featured_media":0,"comment_status":"open","ping_status":"open","sticky":false,"template":"","format":"standard","meta":[],"categories":[3],"tags":[],"_links":{"self":[{"href":"https:\/\/blogs.elcomercio.es\/sportingmania\/wp-json\/wp\/v2\/posts\/26"}],"collection":[{"href":"https:\/\/blogs.elcomercio.es\/sportingmania\/wp-json\/wp\/v2\/posts"}],"about":[{"href":"https:\/\/blogs.elcomercio.es\/sportingmania\/wp-json\/wp\/v2\/types\/post"}],"author":[{"embeddable":true,"href":"https:\/\/blogs.elcomercio.es\/sportingmania\/wp-json\/wp\/v2\/users\/40"}],"replies":[{"embeddable":true,"href":"https:\/\/blogs.elcomercio.es\/sportingmania\/wp-json\/wp\/v2\/comments?post=26"}],"version-history":[{"count":0,"href":"https:\/\/blogs.elcomercio.es\/sportingmania\/wp-json\/wp\/v2\/posts\/26\/revisions"}],"wp:attachment":[{"href":"https:\/\/blogs.elcomercio.es\/sportingmania\/wp-json\/wp\/v2\/media?parent=26"}],"wp:term":[{"taxonomy":"category","embeddable":true,"href":"https:\/\/blogs.elcomercio.es\/sportingmania\/wp-json\/wp\/v2\/categories?post=26"},{"taxonomy":"post_tag","embeddable":true,"href":"https:\/\/blogs.elcomercio.es\/sportingmania\/wp-json\/wp\/v2\/tags?post=26"}],"curies":[{"name":"wp","href":"https:\/\/api.w.org\/{rel}","templated":true}]}}