{"id":29,"date":"2007-08-09T11:36:26","date_gmt":"2007-08-09T11:36:26","guid":{"rendered":"http:\/\/blogs.elcomercio.es\/sportingmania\/?p=29"},"modified":"2007-08-09T11:36:26","modified_gmt":"2007-08-09T11:36:26","slug":"el-palencia-jugo-con-sporting","status":"publish","type":"post","link":"https:\/\/blogs.elcomercio.es\/sportingmania\/2007\/08\/09\/el-palencia-jugo-con-sporting\/","title":{"rendered":"El Palencia jug\u00f3 con el Sporting"},"content":{"rendered":"<p class=\"MsoNormal\"><font face=\"Times New Roman\" size=\"3\">Y creo que nunca mejor dicho, porque el espect\u00e1culo ofrecido por el Sporting en el nuevo campo palentino vale m\u00e1s borrarlo del mapa. Ya se sabe que Manuel Preciado afronta los partidos de la pretemporada como si fueran entrenamientos, sin que le importe el resultado. Pero la imagen del equipo fue desoladora y es la que queda hasta el siguiente amistoso.<\/font><\/p>\n<p class=\"MsoNormal\"><font face=\"Times New Roman\" size=\"3\">De momento, el de ayer, lo borramos, porque si hacemos una valoraci\u00f3n de los jugadores rojiblancos en este encuentro, la conclusi\u00f3n a la que llegar\u00edamos es que no valen ni los de casa, ni los que llegaron. Las pruebas de verdad se ver\u00e1n la pr\u00f3xima semana. Por cierto, se sigue esperando que Marcelino decida la fecha en la que su actual equipo, el Racing, jugar\u00e1 en El Molin\u00f3n el Trofeo Villa de Gij\u00f3n. No s\u00e9 si el retraso se debe a que las relaciones entre t\u00e9cnicos de los clubes no son las m\u00e1s cordiales o a tal vez a que Marcelino se haya convertido en el se\u00f1or Garc\u00eda Toral. Esta tardanza no parece seria, pero como no hay otro rival, en el Sporting se comulga con las piedras de molino que hagan falta. Es igual que la oferta a Congo. Seguir\u00e1 hasta que no haya otra soluci\u00f3n. Pasa por ser pobres.<\/font><\/p>\n<!-- AddThis Advanced Settings generic via filter on the_content --><!-- AddThis Share Buttons generic via filter on the_content -->","protected":false},"excerpt":{"rendered":"<p>Y creo que nunca mejor dicho, porque el espect\u00e1culo ofrecido por el Sporting en el nuevo campo palentino vale m\u00e1s borrarlo del mapa. Ya se sabe que Manuel Preciado afronta los partidos de la pretemporada como si fueran entrenamientos, sin que le importe el resultado. Pero la imagen del equipo fue desoladora y es la [&hellip;]<!-- AddThis Advanced Settings generic via filter on get_the_excerpt --><!-- AddThis Share Buttons generic via filter on get_the_excerpt --><\/p>\n","protected":false},"author":40,"featured_media":0,"comment_status":"open","ping_status":"open","sticky":false,"template":"","format":"standard","meta":[],"categories":[3],"tags":[],"_links":{"self":[{"href":"https:\/\/blogs.elcomercio.es\/sportingmania\/wp-json\/wp\/v2\/posts\/29"}],"collection":[{"href":"https:\/\/blogs.elcomercio.es\/sportingmania\/wp-json\/wp\/v2\/posts"}],"about":[{"href":"https:\/\/blogs.elcomercio.es\/sportingmania\/wp-json\/wp\/v2\/types\/post"}],"author":[{"embeddable":true,"href":"https:\/\/blogs.elcomercio.es\/sportingmania\/wp-json\/wp\/v2\/users\/40"}],"replies":[{"embeddable":true,"href":"https:\/\/blogs.elcomercio.es\/sportingmania\/wp-json\/wp\/v2\/comments?post=29"}],"version-history":[{"count":0,"href":"https:\/\/blogs.elcomercio.es\/sportingmania\/wp-json\/wp\/v2\/posts\/29\/revisions"}],"wp:attachment":[{"href":"https:\/\/blogs.elcomercio.es\/sportingmania\/wp-json\/wp\/v2\/media?parent=29"}],"wp:term":[{"taxonomy":"category","embeddable":true,"href":"https:\/\/blogs.elcomercio.es\/sportingmania\/wp-json\/wp\/v2\/categories?post=29"},{"taxonomy":"post_tag","embeddable":true,"href":"https:\/\/blogs.elcomercio.es\/sportingmania\/wp-json\/wp\/v2\/tags?post=29"}],"curies":[{"name":"wp","href":"https:\/\/api.w.org\/{rel}","templated":true}]}}