{"id":33,"date":"2007-08-14T11:38:37","date_gmt":"2007-08-14T11:38:37","guid":{"rendered":"http:\/\/blogs.elcomercio.es\/sportingmania\/?p=33"},"modified":"2007-08-14T11:38:37","modified_gmt":"2007-08-14T11:38:37","slug":"el-espejo-paterno","status":"publish","type":"post","link":"https:\/\/blogs.elcomercio.es\/sportingmania\/2007\/08\/14\/el-espejo-paterno\/","title":{"rendered":"El espejo paterno"},"content":{"rendered":"<p class=\"MsoNormal\"><font face=\"Times New Roman\" size=\"3\">Hace ya un mont\u00f3n de a\u00f1os, en el desaparecido Calzada, fusionado con el Pelayo en 1969 para parir el Gij\u00f3n Industrial, hab\u00eda un dirigente al que las gentes del f\u00fatbol que lo conocieron siempre lo ponen como ejemplo de directivo de un club de deportivo. Me refiero a don Jos\u00e9 Fern\u00e1ndez, industrial del barrio fabril, que aport\u00f3 trabajo al Calzada. Cuentan que lo hizo con coherencia y amor al f\u00fatbol. La prueba es que a\u00f1os despu\u00e9s s\u00f3lo se habla bien de aquel dirigente. Este equipo de barrio, el Calzada, tuvo los mejores a\u00f1os de su trayectoria, en Tercera Divisi\u00f3n.<\/font><\/p>\n<p class=\"MsoNormal\"><font face=\"Times New Roman\" size=\"3\">A\u00f1os m\u00e1s tarde, uno de sus hijos, tambi\u00e9n llamado Jos\u00e9, irrumpi\u00f3 en el mundo del f\u00fatbol gijon\u00e9s. Lo hizo en el Sporting, donde hab\u00eda sido futbolista juvenil. Sin embargo, sus m\u00e9todos no fueron los ejemplares que su padre utilizaba en el Calzada. Su estilo era y es intervencionista al m\u00e1ximo. Desde que entr\u00f3 como consejero particip\u00f3 en las gestiones propias de gerentes y secretarios t\u00e9cnicos. Acompa\u00f1ado del restaurador Pedro Mor\u00e1n, entonces compa\u00f1ero suyo de consejo, viaj\u00f3 a Sevilla para traspasar a Monchu. Fue la primera gesti\u00f3n del nuevo Sporting SAD, con un consejo abierto s\u00f3lo para los que compraron el asiento en la sala de juntas, bien por iniciativa propia o bien por recomendaci\u00f3n municipal. Fern\u00e1ndez fue por el primer motivo.<\/font><\/p>\n<p class=\"MsoNormal\"><font face=\"Times New Roman\" size=\"3\">Dos a\u00f1os despu\u00e9s, el presidente Manuel Calvo, recientemente fallecido, se enter\u00f3 por una notificaci\u00f3n del club del traspaso de Juanele que Fern\u00e1ndez negoci\u00f3 en el Hotel Miguel \u00c1ngel, de Madrid, acompa\u00f1ado de Herminio Men\u00e9ndez, con el intermediario Toldr\u00e1 esperando en otra dependencia del hotel para entrar en la operaci\u00f3n. En aquella ocasi\u00f3n, la comisi\u00f3n la pag\u00f3 el Tenerife. En 1995, cuando la promoci\u00f3n, despu\u00e9s de cambiar de sitio y marear a entrenadores y t\u00e9cnicos dijo aquella famosa frase de \u201cesto no me volver\u00e1 a suceder a m\u00ed\u201d. Tres a\u00f1os despu\u00e9s lleg\u00f3 el descenso y le toc\u00f3 beber del agua que dijo que no beber\u00eda.<\/font><\/p>\n<p class=\"MsoNormal\"><font face=\"Times New Roman\" size=\"3\">Desde 1998, cuando se produjo el descenso a Segunda, de una forma tan traum\u00e1tica como bochornosa, Jos\u00e9 Fern\u00e1ndez dice estar apartado de todo. Oficialmente, sus apariciones \u00e9ran solo para firmar avales. \u00daltimamente, como m\u00e1ximo accionista del club, las espor\u00e1dicas visitas a Mareo son para interesarse por la salud de la entidad. O para comprar la loter\u00eda de Navidad. Estos argumentos los firmar\u00eda el mism\u00edsimo Groucho Marx.<\/font><\/p>\n<p class=\"MsoNormal\"><font size=\"3\"><font face=\"Times New Roman\">Me cuentan que Fern\u00e1ndez volvi\u00f3 a aparecer por Mareo. No es cierto. Nunca se ausent\u00f3. Siempre estuvo ah\u00ed. Y, por cierto, cada vez que interviene, pasa algo. Este verano ponder\u00f3 a Congo por todo lo alto para que se le renovase el contrato con un esfuerzo superior al del resto de la casa, con menosprecio al resto de la clase. Ahora, ante la pasividad del colombiano, busca refuerzos de favor a espaldas del cuadro t\u00e9cnico. El a\u00f1o pasado oblig\u00f3 a Emilio de Dios a viajar a Brasil. Quiere repetir una experiencia sin continuidad. Pero, como es el due\u00f1o, nadie le tose. Le hacen reverencias. Y hasta la ola, si es necesario. El director general debe cumplir las \u00f3rdenes como funcionario y el presidente hace su funci\u00f3n. Sabe que a Fern\u00e1ndez no le gusta que le lleven la contraria. Por eso Emilio de Dios y Preciado no le resultan agradables. Lo que no sabe Fern\u00e1ndez es que si mantiene esta l\u00ednea, el Sporting puede quedar sin entrenador. El c\u00e1ntabro no est\u00e1 dispuesto a aguantarlo. \u00bfPor qu\u00e9 Jos\u00e9 no se mirar\u00e1 en el espejo de don Jos\u00e9? Con lo f\u00e1cil que es. <span> <\/span><\/font><\/font><\/p>\n<!-- AddThis Advanced Settings generic via filter on the_content --><!-- AddThis Share Buttons generic via filter on the_content -->","protected":false},"excerpt":{"rendered":"<p>Hace ya un mont\u00f3n de a\u00f1os, en el desaparecido Calzada, fusionado con el Pelayo en 1969 para parir el Gij\u00f3n Industrial, hab\u00eda un dirigente al que las gentes del f\u00fatbol que lo conocieron siempre lo ponen como ejemplo de directivo de un club de deportivo. Me refiero a don Jos\u00e9 Fern\u00e1ndez, industrial del barrio fabril, [&hellip;]<!-- AddThis Advanced Settings generic via filter on get_the_excerpt --><!-- AddThis Share Buttons generic via filter on get_the_excerpt --><\/p>\n","protected":false},"author":40,"featured_media":0,"comment_status":"open","ping_status":"open","sticky":false,"template":"","format":"standard","meta":[],"categories":[3],"tags":[],"_links":{"self":[{"href":"https:\/\/blogs.elcomercio.es\/sportingmania\/wp-json\/wp\/v2\/posts\/33"}],"collection":[{"href":"https:\/\/blogs.elcomercio.es\/sportingmania\/wp-json\/wp\/v2\/posts"}],"about":[{"href":"https:\/\/blogs.elcomercio.es\/sportingmania\/wp-json\/wp\/v2\/types\/post"}],"author":[{"embeddable":true,"href":"https:\/\/blogs.elcomercio.es\/sportingmania\/wp-json\/wp\/v2\/users\/40"}],"replies":[{"embeddable":true,"href":"https:\/\/blogs.elcomercio.es\/sportingmania\/wp-json\/wp\/v2\/comments?post=33"}],"version-history":[{"count":0,"href":"https:\/\/blogs.elcomercio.es\/sportingmania\/wp-json\/wp\/v2\/posts\/33\/revisions"}],"wp:attachment":[{"href":"https:\/\/blogs.elcomercio.es\/sportingmania\/wp-json\/wp\/v2\/media?parent=33"}],"wp:term":[{"taxonomy":"category","embeddable":true,"href":"https:\/\/blogs.elcomercio.es\/sportingmania\/wp-json\/wp\/v2\/categories?post=33"},{"taxonomy":"post_tag","embeddable":true,"href":"https:\/\/blogs.elcomercio.es\/sportingmania\/wp-json\/wp\/v2\/tags?post=33"}],"curies":[{"name":"wp","href":"https:\/\/api.w.org\/{rel}","templated":true}]}}