{"id":35,"date":"2007-08-16T10:38:35","date_gmt":"2007-08-16T10:38:35","guid":{"rendered":"http:\/\/blogs.elcomercio.es\/sportingmania\/?p=35"},"modified":"2007-08-16T10:38:35","modified_gmt":"2007-08-16T10:38:35","slug":"las-pruebas-serias","status":"publish","type":"post","link":"https:\/\/blogs.elcomercio.es\/sportingmania\/2007\/08\/16\/las-pruebas-serias\/","title":{"rendered":"Las pruebas serias"},"content":{"rendered":"<p class=\"MsoNormal\"><font face=\"Times New Roman\" size=\"3\">El Sporting tuvo su primera prueba seria de la pretemporada con el Racing como sparring, despu\u00e9s de cinco ensayos previos que se afrontaron como simples sesiones de trabajo. El equipo de Preciado dej\u00f3 algunas sensaciones buenas. Confirm\u00f3 que los fichajes que van a ser titulares dar\u00e1n al conjunto un plus a\u00f1adido que no ten\u00eda el a\u00f1o pasado. Adem\u00e1s, contar\u00e1 con un banquillo para eventualidades. Con Preciado siempre las habr\u00e1. Seguro.<\/font><\/p>\n<p class=\"MsoNormal\"><font size=\"3\"><font face=\"Times New Roman\"><span>           <\/span>El partido se desluci\u00f3 con tantos cambios, ya avanzado el segundo tiempo. Creo que Preciado est\u00e1 empezando a abusar de los cambios, adem\u00e1s de meter en los ensayos a jugadores que no van a ser de la partida del primer equipo. Es bueno ilusionar a los chavales del filial y tener contentos a los descartados, pero ahora toca hacer pruebas con los que van a estar de verdad.<\/font><\/font><\/p>\n<p class=\"MsoNormal\"><font size=\"3\"><font face=\"Times New Roman\"><span>            <\/span>En este Real Club se mira mucho la forma de quedar bien. Por eso se habla una cosa en las alturas, o sea, en la planta noble de Mareo, y otra en las bajuras, o sea, en el vestuario. No es racional que el entrenador d\u00e9 ilusiones a los dos descartados, anunci\u00e1ndoles que van a ser uno m\u00e1s en la plantilla, mientras el cuadro t\u00e9cnico comunica al consejo que no cuenta con ellos y que se les busque ubicaci\u00f3n en otro sitio. Esa es la situaci\u00f3n de Chus Bravo y de Karanka. Ellos lo saben y en el campo se nota, porque an\u00edmicamente no est\u00e1n para florituras, con lo que dan la raz\u00f3n a los que los excluyeron.<\/font><\/font><\/p>\n<p class=\"MsoNormal\"><font size=\"3\"><font face=\"Times New Roman\"><span>            <\/span>Queda la prueba de ma\u00f1ana en Luarca, \u00faltima de la pretemporada, ante un rival reci\u00e9n ascendido a Primera. Lo razonable y aconsejable es ver m\u00e1s en acci\u00f3n a los 16 que ser\u00e1n la base m\u00e1s los cambios habituales. Pero es posible que Preciado no tenga la misma idea. M\u00e1s que posible, seguro. Es su m\u00e9todo.<\/font><\/font><\/p>\n<p class=\"MsoNormal\"><font face=\"Times New Roman\" size=\"3\">PD1: De Congo mejor ni hablar. Como Fern\u00e1ndez y Vega-Arango le dieron de plazo hasta el 31 de agosto, a\u00fan le quedan quince d\u00edas. <\/font><\/p>\n<p class=\"MsoNormal\"><font size=\"3\"><font face=\"Times New Roman\">PD2: Mal d\u00eda eligi\u00f3 el Racing para captar socios en Asturias. El f\u00fatbol que ofreci\u00f3 ayer el equipo de Marcelino no es para enamorar. <span> <\/span><span> <\/span><\/font><\/font><\/p>\n<!-- AddThis Advanced Settings generic via filter on the_content --><!-- AddThis Share Buttons generic via filter on the_content -->","protected":false},"excerpt":{"rendered":"<p>El Sporting tuvo su primera prueba seria de la pretemporada con el Racing como sparring, despu\u00e9s de cinco ensayos previos que se afrontaron como simples sesiones de trabajo. El equipo de Preciado dej\u00f3 algunas sensaciones buenas. Confirm\u00f3 que los fichajes que van a ser titulares dar\u00e1n al conjunto un plus a\u00f1adido que no ten\u00eda el [&hellip;]<!-- AddThis Advanced Settings generic via filter on get_the_excerpt --><!-- AddThis Share Buttons generic via filter on get_the_excerpt --><\/p>\n","protected":false},"author":40,"featured_media":0,"comment_status":"open","ping_status":"open","sticky":false,"template":"","format":"standard","meta":[],"categories":[3],"tags":[],"_links":{"self":[{"href":"https:\/\/blogs.elcomercio.es\/sportingmania\/wp-json\/wp\/v2\/posts\/35"}],"collection":[{"href":"https:\/\/blogs.elcomercio.es\/sportingmania\/wp-json\/wp\/v2\/posts"}],"about":[{"href":"https:\/\/blogs.elcomercio.es\/sportingmania\/wp-json\/wp\/v2\/types\/post"}],"author":[{"embeddable":true,"href":"https:\/\/blogs.elcomercio.es\/sportingmania\/wp-json\/wp\/v2\/users\/40"}],"replies":[{"embeddable":true,"href":"https:\/\/blogs.elcomercio.es\/sportingmania\/wp-json\/wp\/v2\/comments?post=35"}],"version-history":[{"count":0,"href":"https:\/\/blogs.elcomercio.es\/sportingmania\/wp-json\/wp\/v2\/posts\/35\/revisions"}],"wp:attachment":[{"href":"https:\/\/blogs.elcomercio.es\/sportingmania\/wp-json\/wp\/v2\/media?parent=35"}],"wp:term":[{"taxonomy":"category","embeddable":true,"href":"https:\/\/blogs.elcomercio.es\/sportingmania\/wp-json\/wp\/v2\/categories?post=35"},{"taxonomy":"post_tag","embeddable":true,"href":"https:\/\/blogs.elcomercio.es\/sportingmania\/wp-json\/wp\/v2\/tags?post=35"}],"curies":[{"name":"wp","href":"https:\/\/api.w.org\/{rel}","templated":true}]}}