{"id":36,"date":"2007-08-17T10:43:54","date_gmt":"2007-08-17T10:43:54","guid":{"rendered":"http:\/\/blogs.elcomercio.es\/sportingmania\/?p=36"},"modified":"2007-08-17T10:43:54","modified_gmt":"2007-08-17T10:43:54","slug":"la-situacion-karanka","status":"publish","type":"post","link":"https:\/\/blogs.elcomercio.es\/sportingmania\/2007\/08\/17\/la-situacion-karanka\/","title":{"rendered":"La situaci\u00f3n de Karanka"},"content":{"rendered":"<p class=\"MsoNormal\"><font face=\"Times New Roman\" size=\"3\">Es posible que el jugador m\u00e1s criticado por la afici\u00f3n rojiblanca sea ahora David Karanka. El delantero vitoriano empieza su tercera temporada en el Sporting sin que haya demostrado casi nada y sin que haya tenido tiempo para demostrarlo. Primero se encontr\u00f3 con un entrenador que utilizaba un \u00fanico delantero y \u00e9l era el tercero de su lista. En la pasada, con dos delanteros, despu\u00e9s de empezar lesionado, ten\u00eda el n\u00famero 4. A veces el 3. Y si entraba en juego era m\u00e1s por producto de las rotaciones y de los m\u00e9todos de Preciado para tener contenta a toda la plantilla.<\/font><\/p>\n<p class=\"MsoNormal\"><font size=\"3\"><font face=\"Times New Roman\"><span>            <\/span>Desde el mes de enero, en la planta noble del club se baraj\u00f3 y hasta se decidi\u00f3 que se buscara la f\u00f3rmula para rescindirle el contrato. El padre del jugador, que es su representante, y el propio futbolista tuvieron constancia de este hecho a trav\u00e9s de El Comercio en el mes de junio, pero cuando el se\u00f1or Karanka senior llamaba a las oficinas para interesarse por las noticias publicadas se le dec\u00eda que \u2018son cosas de los periodistas\u2019.<\/font><\/font><\/p>\n<p class=\"MsoNormal\"><font size=\"3\"><font face=\"Times New Roman\"><span>            <\/span>El padre me coment\u00f3 la semana pasada en Palencia, donde coincid\u00ed con \u00e9l despu\u00e9s del partido amistoso de la Nueva Balastera, que lo llamaron varios clubes al ver la noticia publicada, pero que no quiso entrar en conversaciones, porque en el Sporting le dijeron que no hiciera caso de lo que pon\u00edamos en los peri\u00f3dicos. As\u00ed me lo dijo Fernando Karanka. Hace dos semanas, Manuel Vega-Arango le pregunt\u00f3 a Gelu Rodr\u00edguez, uno de los intermediarios de confianza del club, c\u00f3mo estaban las negociaciones para la marcha de Karanka y de Chus Bravo. \u2018Paradas\u2019, le dijo el agente. \u2018Dales preferencia\u2019, le solicit\u00f3 el presidente. Y todo esto, sin que el delantero vitoriano conociera lo que se gestaba en el club sobre su futuro.<\/font><\/font><\/p>\n<p class=\"MsoNormal\"><font face=\"Times New Roman\" size=\"3\">A los dos d\u00edas de la conversaci\u00f3n entre Vega-Arango y Gelu, de la que fui testigo, se le present\u00f3 a Karanka la posibilidad de prorrogar su contrato en otra temporada, por el mismo importe de dinero que cobra en la pr\u00f3xima, m\u00e1s unos incentivos en funci\u00f3n de objetivos. El jugador ya sabe, por las conversaciones que tuvo con el intermediario, que no cuentan con \u00e9l y que el club ver\u00eda su marcha con buenos ojos. Pero, en el vestuario, el se\u00f1or Preciado le dice que para \u00e9l es uno m\u00e1s y no le explica que el cuadro t\u00e9cnico lo tiene descartado. El chaval est\u00e1 an\u00edmicamente afectado y no entiende nada. Lo \u00fanico que sabe es que tiene una ficha de 240.000 euros esta temporada, que no vino con una pistola para que se la firmaran y no est\u00e1 dispuesto a perder dinero.<\/font><\/p>\n<p class=\"MsoNormal\"><font face=\"Times New Roman\" size=\"3\">Est\u00e1 claro que el Karanka que estamos viendo no es el jugador que necesita el Sporting. Y su rendimiento hasta ahora no respondi\u00f3 a las expectativas que se esperaban. Tal vez haya que analizar que fue un fichaje equivocado de Eloy Olaya, bien por su porpia iniciativa o porque se haya dejado llevar. Tambi\u00e9n resulta dif\u00edcil de entender que los administradores concursales hayan dado el visto bueno a esta operaci\u00f3n, que fue la primera que se realiz\u00f3 cuando se inici\u00f3 el proceso concursal, cuando m\u00e1s ca\u00f3tica era la situaci\u00f3n econ\u00f3mica del Sporting. No es el \u00fanico caso, porque hay much\u00edsimas cosas dif\u00edciles de entender en los diez o doce \u00faltimos a\u00f1os de la historia rojiblanca.<\/font><\/p>\n<p class=\"MsoNormal\"><font face=\"Times New Roman\" size=\"3\">Y menos mal que el chaval tiene un comportamiento extraordinario. En el vestuario es un ejemplo positivo y fuera no hace declaraciones que puedan perjudicar al club, aunque la procesi\u00f3n vaya por dentro. En cualquier caso, el problema est\u00e1 ah\u00ed, salvo que el m\u00e1ximo accionista llegue con un as en la manga. Y est\u00e1 provocado, principalmente, porque cuando en este club hay un &#8216;marr\u00f3n&#8217;, como se dice ahora, nadie quiere dar la cara. \u00bfA qui\u00e9n le echamos la culpa y cu\u00e1l es la soluci\u00f3n?<\/font><\/p>\n<p class=\"MsoNormal\"><font face=\"Times New Roman\" size=\"3\"> <\/font><font face=\"Times New Roman\" size=\"3\">PD1: Hoy cumple 69 a\u00f1os Manuel Vega-Arango. \u00a1Qui\u00e9n lo dir\u00eda! Felicidades, presidente.<\/font><\/p>\n<p class=\"MsoNormal\"><font size=\"3\"><font face=\"Times New Roman\">PD2: Hoy toca Luarca. \u00daltima de feria, que se dir\u00eda en el argot taurino. Mi amigo Celestino me preguntar\u00e1 si sabemos algo de Congo. Lo hace todos los d\u00edas. No pierde la fe.<span>  <\/span><\/font><\/font><\/p>\n<!-- AddThis Advanced Settings generic via filter on the_content --><!-- AddThis Share Buttons generic via filter on the_content -->","protected":false},"excerpt":{"rendered":"<p>Es posible que el jugador m\u00e1s criticado por la afici\u00f3n rojiblanca sea ahora David Karanka. El delantero vitoriano empieza su tercera temporada en el Sporting sin que haya demostrado casi nada y sin que haya tenido tiempo para demostrarlo. Primero se encontr\u00f3 con un entrenador que utilizaba un \u00fanico delantero y \u00e9l era el tercero [&hellip;]<!-- AddThis Advanced Settings generic via filter on get_the_excerpt --><!-- AddThis Share Buttons generic via filter on get_the_excerpt --><\/p>\n","protected":false},"author":40,"featured_media":0,"comment_status":"open","ping_status":"open","sticky":false,"template":"","format":"standard","meta":[],"categories":[3],"tags":[],"_links":{"self":[{"href":"https:\/\/blogs.elcomercio.es\/sportingmania\/wp-json\/wp\/v2\/posts\/36"}],"collection":[{"href":"https:\/\/blogs.elcomercio.es\/sportingmania\/wp-json\/wp\/v2\/posts"}],"about":[{"href":"https:\/\/blogs.elcomercio.es\/sportingmania\/wp-json\/wp\/v2\/types\/post"}],"author":[{"embeddable":true,"href":"https:\/\/blogs.elcomercio.es\/sportingmania\/wp-json\/wp\/v2\/users\/40"}],"replies":[{"embeddable":true,"href":"https:\/\/blogs.elcomercio.es\/sportingmania\/wp-json\/wp\/v2\/comments?post=36"}],"version-history":[{"count":0,"href":"https:\/\/blogs.elcomercio.es\/sportingmania\/wp-json\/wp\/v2\/posts\/36\/revisions"}],"wp:attachment":[{"href":"https:\/\/blogs.elcomercio.es\/sportingmania\/wp-json\/wp\/v2\/media?parent=36"}],"wp:term":[{"taxonomy":"category","embeddable":true,"href":"https:\/\/blogs.elcomercio.es\/sportingmania\/wp-json\/wp\/v2\/categories?post=36"},{"taxonomy":"post_tag","embeddable":true,"href":"https:\/\/blogs.elcomercio.es\/sportingmania\/wp-json\/wp\/v2\/tags?post=36"}],"curies":[{"name":"wp","href":"https:\/\/api.w.org\/{rel}","templated":true}]}}