{"id":37,"date":"2007-08-18T11:40:02","date_gmt":"2007-08-18T11:40:02","guid":{"rendered":"http:\/\/blogs.elcomercio.es\/sportingmania\/?p=37"},"modified":"2007-08-18T11:40:02","modified_gmt":"2007-08-18T11:40:02","slug":"las-calabazas-congo","status":"publish","type":"post","link":"https:\/\/blogs.elcomercio.es\/sportingmania\/2007\/08\/18\/las-calabazas-congo\/","title":{"rendered":"Las calabazas de Congo"},"content":{"rendered":"<p class=\"MsoNormal\"><font face=\"Times New Roman\" size=\"3\">Jos\u00e9 Torres, representante de Congo, me dice que el colombiano no jugar\u00e1 en el Sporting. Es su decisi\u00f3n y as\u00ed se lo comunic\u00f3. Adem\u00e1s, le pidi\u00f3 que le busque al mejor postor. As\u00ed es c\u00f3mo el club rojiblanco se queda compuesto y sin su m\u00e1s querida novia, a 18 de agosto y con s\u00f3lo trece d\u00edas de margen para acertar enel sustituto.<\/font><\/p>\n<p class=\"MsoNormal\"><font face=\"Times New Roman\" size=\"3\">La postura de Congo puede considerarse razonable desde el aspecto puramente cremat\u00edstico, aunque esta decisi\u00f3n pod\u00eda haberla tomado en junio y evitado un culebr\u00f3n de tal magnitud. De esta forma, el jugador qued\u00f3 mal en Gij\u00f3n y el Sporting, en evidencia. Ahora emerger\u00e1n todos aquellos playos del \u201ceso ya te lo dec\u00eda yo\u201d.<\/font><\/p>\n<p class=\"MsoNormal\"><font size=\"3\"><font face=\"Times New Roman\"><span>            <\/span>La intenci\u00f3n del se\u00f1or Torres, que, adem\u00e1s de amigo de Congo, es director deportivo del Villalba, equipo de Tercera Divisi\u00f3n de la territorial madrile\u00f1a, era que su representado volviera al Sporting. No debi\u00f3 tener mucho poder de convencimiento.<\/font><\/font><\/p>\n<p class=\"MsoNormal\"><font size=\"3\"><font face=\"Times New Roman\"><span>            <\/span>El caso es que estamos 18 de agosto y Congo nos dio calabazas, aunque Preciado no tiene mucha confianza en lo que dijo Torres. Tal vez porque tiene tanta confianza en su amigo Edwin que no quiere descartar su regreso. El problema que pueda tener ahora el moreno (apelativo cari\u00f1oso que aplican sus ya ex compa\u00f1eros) para encontrar un equipo con una ficha alta y cerca de la Valencia de su novia no nos importa, pero s\u00ed el del Sporting. Congo no tuvo una postura \u00e9tica, pero el Sporting pic\u00f3 de pardillo. Esta opci\u00f3n ten\u00eda que estar barajada desde junio.<\/font><\/font><\/p>\n<p class=\"MsoNormal\"><font size=\"3\"><font face=\"Times New Roman\"><span>            <\/span>Se dice en el club que \u201chay cosillas\u201d en negociaci\u00f3n. Alguna est\u00e1 medio avanzada, porque siempre se tuvo convencimiento de que el moreno iba a venir. Se espera ahora un descarte de Primera. El jugador que se elija vendr\u00e1 con pretemporada hecha, pero necesitar\u00e1 una adaptaci\u00f3n. De todas formas, si viene de Primera, la calidad estar\u00e1 asegurada para rendir en Segunda. A ver si hay suerte. Por cierto. Un amable bloggero apunta el nombre de Anto\u00f1ito, que subi\u00f3 con el Murcia y estuvo con Preciado en Santander. No se puls\u00f3, por el mismo motivo que se rechaz\u00f3 a Aranda. Cuestiones extradeportivas. <\/font><\/font><\/p>\n<p class=\"MsoNormal\"><font face=\"Times New Roman\" size=\"3\">A lo mejor nos vino bien el retraso del colombiano, quien se quedar\u00e1 sin el &#8216;Molin\u00f3n de plata&#8217; que le otorgaron las puntuaciones de las pe\u00f1as, seg\u00fan las sumas de Pep\u00edn Bra\u00f1a. Si las hizo con calculadora estar\u00e1n bien, pero lo que no calcul\u00f3 fueron las calabazas de Congo. \u00a1Ya tenemos debate!<\/font><\/p>\n<p class=\"MsoNormal\"><font face=\"Times New Roman\" size=\"3\">PD1: Ayer, en Luarca, vimos claro cual es el Sporting titular. El m\u00edster, tambi\u00e9n. El f\u00fatbol es as\u00ed de sencillo. <\/font><\/p>\n<p class=\"MsoNormal\"><font face=\"Times New Roman\" size=\"3\">PD2: Tengo pendiente un acuse de recibo a don \u00c1ngel Fern\u00e1ndez, compa\u00f1ero de As en Oviedo, con una sana, elegante y educada rivalidad. La semana que viene habr\u00e1 tiempo.<\/font><\/p>\n<!-- AddThis Advanced Settings generic via filter on the_content --><!-- AddThis Share Buttons generic via filter on the_content -->","protected":false},"excerpt":{"rendered":"<p>Jos\u00e9 Torres, representante de Congo, me dice que el colombiano no jugar\u00e1 en el Sporting. Es su decisi\u00f3n y as\u00ed se lo comunic\u00f3. Adem\u00e1s, le pidi\u00f3 que le busque al mejor postor. As\u00ed es c\u00f3mo el club rojiblanco se queda compuesto y sin su m\u00e1s querida novia, a 18 de agosto y con s\u00f3lo trece [&hellip;]<!-- AddThis Advanced Settings generic via filter on get_the_excerpt --><!-- AddThis Share Buttons generic via filter on get_the_excerpt --><\/p>\n","protected":false},"author":40,"featured_media":0,"comment_status":"open","ping_status":"open","sticky":false,"template":"","format":"standard","meta":[],"categories":[3],"tags":[],"_links":{"self":[{"href":"https:\/\/blogs.elcomercio.es\/sportingmania\/wp-json\/wp\/v2\/posts\/37"}],"collection":[{"href":"https:\/\/blogs.elcomercio.es\/sportingmania\/wp-json\/wp\/v2\/posts"}],"about":[{"href":"https:\/\/blogs.elcomercio.es\/sportingmania\/wp-json\/wp\/v2\/types\/post"}],"author":[{"embeddable":true,"href":"https:\/\/blogs.elcomercio.es\/sportingmania\/wp-json\/wp\/v2\/users\/40"}],"replies":[{"embeddable":true,"href":"https:\/\/blogs.elcomercio.es\/sportingmania\/wp-json\/wp\/v2\/comments?post=37"}],"version-history":[{"count":0,"href":"https:\/\/blogs.elcomercio.es\/sportingmania\/wp-json\/wp\/v2\/posts\/37\/revisions"}],"wp:attachment":[{"href":"https:\/\/blogs.elcomercio.es\/sportingmania\/wp-json\/wp\/v2\/media?parent=37"}],"wp:term":[{"taxonomy":"category","embeddable":true,"href":"https:\/\/blogs.elcomercio.es\/sportingmania\/wp-json\/wp\/v2\/categories?post=37"},{"taxonomy":"post_tag","embeddable":true,"href":"https:\/\/blogs.elcomercio.es\/sportingmania\/wp-json\/wp\/v2\/tags?post=37"}],"curies":[{"name":"wp","href":"https:\/\/api.w.org\/{rel}","templated":true}]}}