{"id":39,"date":"2007-08-23T00:29:38","date_gmt":"2007-08-23T00:29:38","guid":{"rendered":"http:\/\/blogs.elcomercio.es\/sportingmania\/?p=39"},"modified":"2007-08-23T00:29:38","modified_gmt":"2007-08-23T00:29:38","slug":"de-todo-poco","status":"publish","type":"post","link":"https:\/\/blogs.elcomercio.es\/sportingmania\/2007\/08\/23\/de-todo-poco\/","title":{"rendered":"De todo un poco"},"content":{"rendered":"<p class=\"MsoNormal\"><font face=\"Times New Roman\" size=\"3\">GUINDA<\/font><\/p>\n<p class=\"MsoNormal\"><font face=\"Times New Roman\" size=\"3\">Ya empezamos otra vez. La cabeza contra el coraz\u00f3n. La sensatez contra la necesidad. Preciado pide un delantero centro. Emilio de Dios lo respalda. L\u00f3gico, son siameses de ideolog\u00eda deportiva. Pero el sector que lleva el control econ\u00f3mico del club dice que no. Hab\u00eda dinero para Congo, pero ya no hay tanto. La alternativa ahora es Aganzo. Gran jugador. Adem\u00e1s, le va bien con Preciado. Pero son 600.000 euros de ficha que el Sporting no puede pagar. Y hacerlo con opciones sobre jugadores puede ser hipotecar lo poco bueno que sale de la cantera. Porque no olviden que el Racing ir\u00e1 a por Canella y M\u00edchel. Parece que estamos en un callej\u00f3n con poca salida. Si viene, ser\u00eda la guinda que pide el m\u00edster. Y ya no habr\u00eda disculpas para no luchar por el ascenso. Antes, deber\u00e1n ponerse de acuerdo los hombres de Pepe. <\/font><\/p>\n<p class=\"MsoNormal\"><font face=\"Times New Roman\" size=\"3\">SE\u00d1OR\u00cdO<\/font><\/p>\n<p class=\"MsoNormal\"><font face=\"Times New Roman\" size=\"3\">Manuel Vega-Arango decidi\u00f3 que el Oviedo fuera recibido en El Molin\u00f3n cuando se enfrent\u00f3 al Sporting B, en la Copa Federaci\u00f3n. Adujo motivos de seguridad. El presi es un se\u00f1or, de los de cuna. El club azul recibi\u00f3 al filial gijon\u00e9s en el Requex\u00f3n. All\u00ed parece que la seguridad no es necesaria. S\u00f3lo tener que superar los at\u00edpicos accesos a la &#8216;Ciudad Deportiva del Real Oviedo&#8217; ya resulta un buen control. Por cierto, los lobeznos ganaron 2-1, aunque el f\u00fatbol y las ocasiones fueron de los rojiblancos. A ver qu\u00e9 hace el presi cuando los azuletes vengan en la Liga. Seguro que vuelve a El Molin\u00f3n. Y ya que es tan buen anfitri\u00f3n, una buena idea ser\u00eda poner m\u00fasica en el palco presidencial. Para don Alberto, alg\u00fan bolero. As\u00ed no se despendola si hay gol de su equipo. Es de esperar que en la Liga, el Oviedo juegue en el Carlos Tartiere. Tambi\u00e9n contra el Sporting B. Tengo que admitir que es el mejor campo de Tercera Disivi\u00f3n. Pero a nivel mundial. Puede entrar en el guiness.  <\/font><\/p>\n<p class=\"MsoNormal\"><font face=\"Times New Roman\" size=\"3\">COINCIDENCIA<\/font><\/p>\n<p class=\"MsoNormal\"><font face=\"Times New Roman\" size=\"3\">Un amigo de Valencia coincidi\u00f3 con Congo en la capital del Turia. Le dijo que tiene dos ofertas de Primera. \u201cEn un par de d\u00edas me decido\u201d. Esa fue la frase del verano popularizada por Jos\u00e9 Torres, el representante del colombiano. No estar\u00eda mal ficharlos para una actuaci\u00f3n en Poniente. O para una obra de teatro en el Jovellanos. Cuando Congo le dijo aquello de que en dos d\u00edas ya s\u00e9 donde voy, si se puso colorado, mi amigo no se dio cuenta.<\/font><\/p>\n<p class=\"MsoNormal\"><font face=\"Times New Roman\" size=\"3\">SUERTE<\/font><\/p>\n<p class=\"MsoNormal\"><font face=\"Times New Roman\" size=\"3\">Luis Aragon\u00e9s la tiene de cara. Espa\u00f1a gan\u00f3 en el patatal griego cuando se cumpl\u00eda el \u00faltimo segundo del tiempo a\u00f1adido. Cesc, uno de los apetecibles para Calder\u00f3n, puso la guinda, despu\u00e9s de ir perdiendo dos veces. Dice un dicho futbolero que vale m\u00e1s un entrenador con suerte que un buen entrenador.<\/font><\/p>\n<p class=\"MsoNormal\"><font face=\"Times New Roman\" size=\"3\"> <\/font><\/p>\n<!-- AddThis Advanced Settings generic via filter on the_content --><!-- AddThis Share Buttons generic via filter on the_content -->","protected":false},"excerpt":{"rendered":"<p>GUINDA Ya empezamos otra vez. La cabeza contra el coraz\u00f3n. La sensatez contra la necesidad. Preciado pide un delantero centro. Emilio de Dios lo respalda. L\u00f3gico, son siameses de ideolog\u00eda deportiva. Pero el sector que lleva el control econ\u00f3mico del club dice que no. Hab\u00eda dinero para Congo, pero ya no hay tanto. La alternativa [&hellip;]<!-- AddThis Advanced Settings generic via filter on get_the_excerpt --><!-- AddThis Share Buttons generic via filter on get_the_excerpt --><\/p>\n","protected":false},"author":40,"featured_media":0,"comment_status":"open","ping_status":"open","sticky":false,"template":"","format":"standard","meta":[],"categories":[3],"tags":[],"_links":{"self":[{"href":"https:\/\/blogs.elcomercio.es\/sportingmania\/wp-json\/wp\/v2\/posts\/39"}],"collection":[{"href":"https:\/\/blogs.elcomercio.es\/sportingmania\/wp-json\/wp\/v2\/posts"}],"about":[{"href":"https:\/\/blogs.elcomercio.es\/sportingmania\/wp-json\/wp\/v2\/types\/post"}],"author":[{"embeddable":true,"href":"https:\/\/blogs.elcomercio.es\/sportingmania\/wp-json\/wp\/v2\/users\/40"}],"replies":[{"embeddable":true,"href":"https:\/\/blogs.elcomercio.es\/sportingmania\/wp-json\/wp\/v2\/comments?post=39"}],"version-history":[{"count":0,"href":"https:\/\/blogs.elcomercio.es\/sportingmania\/wp-json\/wp\/v2\/posts\/39\/revisions"}],"wp:attachment":[{"href":"https:\/\/blogs.elcomercio.es\/sportingmania\/wp-json\/wp\/v2\/media?parent=39"}],"wp:term":[{"taxonomy":"category","embeddable":true,"href":"https:\/\/blogs.elcomercio.es\/sportingmania\/wp-json\/wp\/v2\/categories?post=39"},{"taxonomy":"post_tag","embeddable":true,"href":"https:\/\/blogs.elcomercio.es\/sportingmania\/wp-json\/wp\/v2\/tags?post=39"}],"curies":[{"name":"wp","href":"https:\/\/api.w.org\/{rel}","templated":true}]}}