{"id":40,"date":"2007-08-24T10:47:51","date_gmt":"2007-08-24T10:47:51","guid":{"rendered":"http:\/\/blogs.elcomercio.es\/sportingmania\/?p=40"},"modified":"2007-08-24T10:47:51","modified_gmt":"2007-08-24T10:47:51","slug":"todo-es-posible","status":"publish","type":"post","link":"https:\/\/blogs.elcomercio.es\/sportingmania\/2007\/08\/24\/todo-es-posible\/","title":{"rendered":"Todo es posible"},"content":{"rendered":"<p class=\"MsoNormal\"><font face=\"Times New Roman\" size=\"3\">Queda una semana para que se cierre el plazo de tramitaci\u00f3n de licencias. Preciado espera la guinda del pastel, o sea, un delantero de los que puedan asegurar en torno a quince goles, lo que significar\u00eda cierto seguro para estar metidos en el paquete de cabeza. Pero lo que no se quiere hacer es fichar por fichar. O sea, que llegue un \u00c1ngel P\u00e9rez o un Arthuro, como pas\u00f3 hace tres a\u00f1os, lo que provoc\u00f3 un arrebato de Marcelino que pag\u00f3 el mism\u00edsimo Eloy Olaya, su amigo personal y secretario t\u00e9cnico que dio el visto bueno a una operaci\u00f3n en la que no hab\u00eda tenido arte, ni parte. El defensa argentino vino recomendado por Ricardo Rezza, que ya hab\u00eda ofrecido a Ferrer a\u00f1os atr\u00e1s, all\u00e1 por 1988, sin que lelgara a jugar un partido oficial. Demostr\u00f3 su ojo de lince para el f\u00fatbol. El brasile\u00f1o, que luego acab\u00f3 en el Alav\u00e9s y ahora sue fue al C\u00f3rdoba, fue una propuesta del Racing para colocarlo, porque no ten\u00eda sitio arriba y no pod\u00eda jugar en el filial.<\/font><\/p>\n<p class=\"MsoNormal\"><font size=\"3\"><font face=\"Times New Roman\"><span><\/span>Tal y como est\u00e1n las cosas, las opciones de refuerzo que tiene el Sporting s\u00f3lo son dos: Aganzo y Congo. As\u00ed como suena. El madrile\u00f1o es la alternativa que m\u00e1s gusta ahora a los dirigentes del club, pero, en el fondo, a Preciado le convence m\u00e1s el colombiano. El problema es la reciente historia veraniega. <\/font><\/font><\/p>\n<p class=\"MsoNormal\"><font size=\"3\"><font face=\"Times New Roman\"><span><\/span>\u00bfQui\u00e9n vendr\u00e1? Es posible que el Racing medite a \u00faltima hora la situaci\u00f3n y valore que le vale m\u00e1s perder 360.000 euros con Aganzo que tener que aguantarlo todo el a\u00f1o y abonarle los 600.000 euros que tiene firmados. <\/font><\/font><\/p>\n<p class=\"MsoNormal\"><font face=\"Times New Roman\" size=\"3\">Pero me pregunto qu\u00e9 pasar\u00eda si el mi\u00e9rcoles o el jueves o el mism\u00edsimo viernes, aunque sea a las doce menos cinco de la noche, se le ocurre al se\u00f1or Congo llamar a Preciado, amigo suyo, por lo menos hasta hace unas semanas, cuando esperaba su comunicaci\u00f3n telef\u00f3nica. <\/font><\/p>\n<p class=\"MsoNormal\"><font face=\"Times New Roman\" size=\"3\">Lo que va a pasar creo que est\u00e1 claro. Si primero llega la oportunidad de traer a Aganzo en unas condiciones asequibles para el Sporting y sin ceder porcentajes, ese ser\u00e1 el delantero. Pero si no se pone nadie a tiro y llama el colombiano, por mucho que haya pasado en el culebr\u00f3n del verano, no me extra\u00f1ar\u00eda una posible vuelta del \u2018moreno\u2019. \u00bfC\u00f3mo explicarlo? F\u00e1cil. Les dir\u00e1n que el f\u00fatbol es as\u00ed o algo parecido. De eso se encargar\u00e1 el &#8216;presi&#8217;.<\/font><\/p>\n<p class=\"MsoNormal\"><font face=\"Times New Roman\" size=\"3\"><\/font><br \/>\nPD.: Fern\u00e1ndez est\u00e1 empe\u00f1ado en mandar a Emilio de Dios a Brasil y encarga el trabajo de preparar el viaje a Herminio Men\u00e9ndez. A lo mejor sale bien.<\/p>\n<!-- AddThis Advanced Settings generic via filter on the_content --><!-- AddThis Share Buttons generic via filter on the_content -->","protected":false},"excerpt":{"rendered":"<p>Queda una semana para que se cierre el plazo de tramitaci\u00f3n de licencias. Preciado espera la guinda del pastel, o sea, un delantero de los que puedan asegurar en torno a quince goles, lo que significar\u00eda cierto seguro para estar metidos en el paquete de cabeza. Pero lo que no se quiere hacer es fichar [&hellip;]<!-- AddThis Advanced Settings generic via filter on get_the_excerpt --><!-- AddThis Share Buttons generic via filter on get_the_excerpt --><\/p>\n","protected":false},"author":40,"featured_media":0,"comment_status":"open","ping_status":"open","sticky":false,"template":"","format":"standard","meta":[],"categories":[3],"tags":[],"_links":{"self":[{"href":"https:\/\/blogs.elcomercio.es\/sportingmania\/wp-json\/wp\/v2\/posts\/40"}],"collection":[{"href":"https:\/\/blogs.elcomercio.es\/sportingmania\/wp-json\/wp\/v2\/posts"}],"about":[{"href":"https:\/\/blogs.elcomercio.es\/sportingmania\/wp-json\/wp\/v2\/types\/post"}],"author":[{"embeddable":true,"href":"https:\/\/blogs.elcomercio.es\/sportingmania\/wp-json\/wp\/v2\/users\/40"}],"replies":[{"embeddable":true,"href":"https:\/\/blogs.elcomercio.es\/sportingmania\/wp-json\/wp\/v2\/comments?post=40"}],"version-history":[{"count":0,"href":"https:\/\/blogs.elcomercio.es\/sportingmania\/wp-json\/wp\/v2\/posts\/40\/revisions"}],"wp:attachment":[{"href":"https:\/\/blogs.elcomercio.es\/sportingmania\/wp-json\/wp\/v2\/media?parent=40"}],"wp:term":[{"taxonomy":"category","embeddable":true,"href":"https:\/\/blogs.elcomercio.es\/sportingmania\/wp-json\/wp\/v2\/categories?post=40"},{"taxonomy":"post_tag","embeddable":true,"href":"https:\/\/blogs.elcomercio.es\/sportingmania\/wp-json\/wp\/v2\/tags?post=40"}],"curies":[{"name":"wp","href":"https:\/\/api.w.org\/{rel}","templated":true}]}}