{"id":41,"date":"2007-08-27T01:29:20","date_gmt":"2007-08-27T01:29:20","guid":{"rendered":"http:\/\/blogs.elcomercio.es\/sportingmania\/?p=41"},"modified":"2007-08-27T01:29:20","modified_gmt":"2007-08-27T01:29:20","slug":"el-sporting-entusiasma","status":"publish","type":"post","link":"https:\/\/blogs.elcomercio.es\/sportingmania\/2007\/08\/27\/el-sporting-entusiasma\/","title":{"rendered":"El Sporting entusiasma"},"content":{"rendered":"<p class=\"MsoNormal\"><font face=\"Times New Roman\" size=\"3\">El primer partido liguero fue ilusionante. Qu\u00e9 Sporting tan diferente s\u00f3lo con cuatro modificaciones. La defensa, con Gerard e Iv\u00e1n Hern\u00e1ndez, tuvo un papel relevante. El trabajo de Matabuena me encant\u00f3 y, adem\u00e1s, reforz\u00f3 a M\u00edchel. Lo de Kike Mateo, para enmarcar. Y la sociedad que tiene con Diego Castro dar\u00e1 motivos a la grada para levantarse de sus asientos. Barral, con todo lo que quieran y todo lo que puedan decirme, es un jugador muy aprovechable. S\u00f3lo hay que mantenerlo bien centrado. Y no me olvido de Luis Mor\u00e1n, que se merece una continuidad. Va acabar de titular esta temproada. Al tiempo. Y todo el resto. Todo fenomenal. <\/font><\/p>\n<p class=\"MsoNormal\"><font face=\"Times New Roman\" size=\"3\">De momento, hay equipo para estar arriba, para ilusionar y para so\u00f1ar. Lo que vimos ante el Poli Ejido es una buena se\u00f1al, aunque cierto es que no conviene cegarse por un \u00fanico partido.<\/font><\/p>\n<p class=\"MsoNormal\"><font size=\"3\"><font face=\"Times New Roman\"><span>            <\/span>Manuel Preciado mantiene la necesidad de fichar un delantero centro. Quiere otra referencia m\u00e1s en el eje del ataque. Lleg\u00f3 un brasile\u00f1o a prueba. Se llama Diego Zaporo. Tiene 21 a\u00f1os y mide 1,89 metros. Tuvo alg\u00fan problema en el f\u00fatbol portugu\u00e9s, donde estuvo la pasada temporada, repartida entre el Vitoria de Set\u00fabal y el Beira Mar. Al margen de que sea cosa de Fern\u00e1ndez, del Consejo o de Emilio de Dios, vamos a ver c\u00f3mo sale el chaval. A Vega-Arango no le gustan las pruebas, pero tiene buenos informes. Emilio de Dios parece que no sabe nada y no es partidario, o, al menos, no va a respaldar el fichaje. Ya hay diferencias internas. <\/font><\/font><\/p>\n<p class=\"MsoNormal\"><font face=\"Times New Roman\" size=\"3\">         A<\/font><font size=\"3\"><font face=\"Times New Roman\">hora que empez\u00f3 la temporada de forma extraordinaria, con un equipo que entusiasma, estas menudencias conviene aparcarlas. Quien es cada uno lo sabemos hace tiempo. Pero lo que nadie nos quita es la goleada al Poli Ejido y lo que puede dar de s\u00ed este equipo.<\/font><\/font><font face=\"Times New Roman\" size=\"3\"> <\/font><\/p>\n<p class=\"MsoNormal\"><font face=\"Times New Roman\" size=\"3\">PD1.: La grada no fue justa con Gerardo. Si el Sporting le ofrece 140.000 euros y sabe que Preciado no lo quiere y el Poli le da 360.000 euros y el entrenador lo pide, p\u00f3nganse en su lugar.<\/font><\/p>\n<p class=\"MsoNormal\"><font face=\"Times New Roman\" size=\"3\"> <\/font><font face=\"Times New Roman\" size=\"3\">PD2.: La Bra\u00f1a celebr\u00f3 su 50 aniversario. Me dio la ocasi\u00f3n de recordar viej\u00edsimos tiempos de juvenil por La Boro\u00f1ada ya desaparecida. Ahora es un club consolidado. Se merece el apoyo y el reconocimiento.<\/font><\/p>\n<!-- AddThis Advanced Settings generic via filter on the_content --><!-- AddThis Share Buttons generic via filter on the_content -->","protected":false},"excerpt":{"rendered":"<p>El primer partido liguero fue ilusionante. Qu\u00e9 Sporting tan diferente s\u00f3lo con cuatro modificaciones. La defensa, con Gerard e Iv\u00e1n Hern\u00e1ndez, tuvo un papel relevante. El trabajo de Matabuena me encant\u00f3 y, adem\u00e1s, reforz\u00f3 a M\u00edchel. Lo de Kike Mateo, para enmarcar. Y la sociedad que tiene con Diego Castro dar\u00e1 motivos a la grada [&hellip;]<!-- AddThis Advanced Settings generic via filter on get_the_excerpt --><!-- AddThis Share Buttons generic via filter on get_the_excerpt --><\/p>\n","protected":false},"author":40,"featured_media":0,"comment_status":"open","ping_status":"open","sticky":false,"template":"","format":"standard","meta":[],"categories":[3],"tags":[],"_links":{"self":[{"href":"https:\/\/blogs.elcomercio.es\/sportingmania\/wp-json\/wp\/v2\/posts\/41"}],"collection":[{"href":"https:\/\/blogs.elcomercio.es\/sportingmania\/wp-json\/wp\/v2\/posts"}],"about":[{"href":"https:\/\/blogs.elcomercio.es\/sportingmania\/wp-json\/wp\/v2\/types\/post"}],"author":[{"embeddable":true,"href":"https:\/\/blogs.elcomercio.es\/sportingmania\/wp-json\/wp\/v2\/users\/40"}],"replies":[{"embeddable":true,"href":"https:\/\/blogs.elcomercio.es\/sportingmania\/wp-json\/wp\/v2\/comments?post=41"}],"version-history":[{"count":0,"href":"https:\/\/blogs.elcomercio.es\/sportingmania\/wp-json\/wp\/v2\/posts\/41\/revisions"}],"wp:attachment":[{"href":"https:\/\/blogs.elcomercio.es\/sportingmania\/wp-json\/wp\/v2\/media?parent=41"}],"wp:term":[{"taxonomy":"category","embeddable":true,"href":"https:\/\/blogs.elcomercio.es\/sportingmania\/wp-json\/wp\/v2\/categories?post=41"},{"taxonomy":"post_tag","embeddable":true,"href":"https:\/\/blogs.elcomercio.es\/sportingmania\/wp-json\/wp\/v2\/tags?post=41"}],"curies":[{"name":"wp","href":"https:\/\/api.w.org\/{rel}","templated":true}]}}