{"id":42,"date":"2007-08-28T11:19:36","date_gmt":"2007-08-28T11:19:36","guid":{"rendered":"http:\/\/blogs.elcomercio.es\/sportingmania\/?p=42"},"modified":"2007-08-28T11:19:36","modified_gmt":"2007-08-28T11:19:36","slug":"y-si-sale-kaka","status":"publish","type":"post","link":"https:\/\/blogs.elcomercio.es\/sportingmania\/2007\/08\/28\/y-si-sale-kaka\/","title":{"rendered":"\u00bfY si sale un Kak\u00e1?"},"content":{"rendered":"<p class=\"MsoNormal\"><font face=\"Times New Roman\" size=\"3\">Vega-Arango explic\u00f3 que el posible fichaje del brasile\u00f1o Zaporo lo valora como una inversi\u00f3n de futuro. El delantero de verdad que quiere Preciado est\u00e1 a\u00fan en gesti\u00f3n, pendiente de los descartes de los clubes de Primera. El presidente prefiere no afirmar, pero tampoco descarta, aunque Emilio de Dios tiene los contactos hechos y las redes soltadas para que antes de las doce de la noche del viernes se pueda incorporar un delantero. Todo depender\u00eda de las negociaciones.<\/font><\/p>\n<p class=\"MsoNormal\"><font size=\"3\"><font face=\"Times New Roman\"><span>            <\/span>Diego Zaporo no es la soluci\u00f3n que busca el club y as\u00ed se admite. Esta es una operaci\u00f3n de negocio, que le vendr\u00eda bien al Sporting si hay una venta posterior, para lo cual tendr\u00e1 que utilizarse al primer equipo como escaparate. Si este goleador brasile\u00f1o resulta un pufo, de negocio nada. Pero si sale figura, mejor que traspasarlo, ser\u00e1 utilizarlo para que aporte su calidad camino de la vuelta a Primera. Luego ya habr\u00e1 tiempo de pensar en operaciones financieras de alto standing, como las que se intentaron en otras \u00e9pocas con los Kucharski, Kosolapov, Kamatcho, Takis, Cristaldo o Perovic, sin olvidar a Yekini, fichado con una rotura de ligamentos de rodilla o Hugo P\u00e9rez, cuyo negocio fue darle una baja incentivada dos a\u00f1os despu\u00e9s y no el traspaso programado por el triple de lo que se pag\u00f3 por sus servicios. El denominador com\u00fan de todos los casos tiene el mismo origen que la llegada de Zaporo,o sea, el due\u00f1o del club. <\/font><\/font><\/p>\n<p class=\"MsoNormal\"><font face=\"Times New Roman\" size=\"3\">Los informes que llegaron al Consejo son buenos. Su agente, el lusitano Jos\u00e9 Varanda, est\u00e1 convencido de que ser\u00e1 un traspaso sonado. Sin embargo, Emilio de Dios pone cara de p\u00f3ker cuando se le pregunta por el brasile\u00f1o, que lleg\u00f3 a Gij\u00f3n despu\u00e9s de dos meses de vacaciones, tiempo en el que dedic\u00f3 los \u00faltimos quince d\u00edas para hacer algo de trabajo f\u00edsico. Ayer, en Mareo, el recuperador Lorenzo del Pozo ten\u00eda que esperar por el jugador en algunas de las carreras. Tambi\u00e9n Vega-Arango subray\u00f3 que el futbolista brasile\u00f1o viene a pasar un examen, no a ponerse a punto, para lo que va a necesitar un mes, por lo menos. El a\u00f1o pasado estuvo en el f\u00fatbol portugu\u00e9s. Primero, en el Vitoria de Set\u00fabal. Luego, en el Beira Mar, donde no fue bien visto por el entrenador, que quer\u00eda a otro futbolista y al brasile\u00f1o lo llevaron por otro conducto. <\/font><\/p>\n<p class=\"MsoNormal\"><font face=\"Times New Roman\" size=\"3\">En otros tiempos, con ver c\u00f3mo ata las botas, c\u00f3mo corre y c\u00f3mo da las primeras patadas al bal\u00f3n ya se sab\u00eda si el chaval era futbolista. A lo mejor sale un Kak\u00e1. Si es as\u00ed, me descubrir\u00e9 ante don Jos\u00e9. Por lo menos, es del mismo color que el jugador milanista. Algo es algo. <\/font><\/p>\n<p class=\"MsoNormal\"><font face=\"Times New Roman\" size=\"3\">PD.: Vega-Arango ya asegur\u00f3 que Congo es historia en el Sporting, por su falta de respeto a la afici\u00f3n. Tard\u00f3 un pel\u00edn en darse cuenta. \u00bfNo hab\u00edamos quedado en que el plazo acababa el 31 de agosto?<\/font><\/p>\n<!-- AddThis Advanced Settings generic via filter on the_content --><!-- AddThis Share Buttons generic via filter on the_content -->","protected":false},"excerpt":{"rendered":"<p>Vega-Arango explic\u00f3 que el posible fichaje del brasile\u00f1o Zaporo lo valora como una inversi\u00f3n de futuro. El delantero de verdad que quiere Preciado est\u00e1 a\u00fan en gesti\u00f3n, pendiente de los descartes de los clubes de Primera. El presidente prefiere no afirmar, pero tampoco descarta, aunque Emilio de Dios tiene los contactos hechos y las redes [&hellip;]<!-- AddThis Advanced Settings generic via filter on get_the_excerpt --><!-- AddThis Share Buttons generic via filter on get_the_excerpt --><\/p>\n","protected":false},"author":40,"featured_media":0,"comment_status":"open","ping_status":"open","sticky":false,"template":"","format":"standard","meta":[],"categories":[3],"tags":[],"_links":{"self":[{"href":"https:\/\/blogs.elcomercio.es\/sportingmania\/wp-json\/wp\/v2\/posts\/42"}],"collection":[{"href":"https:\/\/blogs.elcomercio.es\/sportingmania\/wp-json\/wp\/v2\/posts"}],"about":[{"href":"https:\/\/blogs.elcomercio.es\/sportingmania\/wp-json\/wp\/v2\/types\/post"}],"author":[{"embeddable":true,"href":"https:\/\/blogs.elcomercio.es\/sportingmania\/wp-json\/wp\/v2\/users\/40"}],"replies":[{"embeddable":true,"href":"https:\/\/blogs.elcomercio.es\/sportingmania\/wp-json\/wp\/v2\/comments?post=42"}],"version-history":[{"count":0,"href":"https:\/\/blogs.elcomercio.es\/sportingmania\/wp-json\/wp\/v2\/posts\/42\/revisions"}],"wp:attachment":[{"href":"https:\/\/blogs.elcomercio.es\/sportingmania\/wp-json\/wp\/v2\/media?parent=42"}],"wp:term":[{"taxonomy":"category","embeddable":true,"href":"https:\/\/blogs.elcomercio.es\/sportingmania\/wp-json\/wp\/v2\/categories?post=42"},{"taxonomy":"post_tag","embeddable":true,"href":"https:\/\/blogs.elcomercio.es\/sportingmania\/wp-json\/wp\/v2\/tags?post=42"}],"curies":[{"name":"wp","href":"https:\/\/api.w.org\/{rel}","templated":true}]}}