{"id":43,"date":"2007-08-29T10:36:46","date_gmt":"2007-08-29T10:36:46","guid":{"rendered":"http:\/\/blogs.elcomercio.es\/sportingmania\/?p=43"},"modified":"2007-08-29T10:36:46","modified_gmt":"2007-08-29T10:36:46","slug":"buenos-recuerdos","status":"publish","type":"post","link":"https:\/\/blogs.elcomercio.es\/sportingmania\/2007\/08\/29\/buenos-recuerdos\/","title":{"rendered":"Buenos recuerdos"},"content":{"rendered":"<p class=\"MsoNormal\"><font face=\"Times New Roman\" size=\"3\">Las estad\u00edsticas y el recuerdo de la historia est\u00e1n bien para matar el tiempo y tambi\u00e9n para conocer o recordar las vivencias, en este caso, del Sporting. Viene esto a cuento de un comentario que surgi\u00f3 en el peri\u00f3dico y que dio origen al reportaje sobre la temporada 1976-1977, en la que el equipo rojiblanco recuper\u00f3 un puesto en Primera.<\/font><\/p>\n<p class=\"MsoNormal\"><font face=\"Times New Roman\" size=\"3\">El primer partido fue contra el Levante, en una agradable noche de s\u00e1bado, cuando El Molin\u00f3n ten\u00eda a\u00fan gradas de pie. Quiz\u00e1s se esperaba m\u00e1s la goleada, porque el equipo acaba de descender con una plantilla que ten\u00eda una calidad notable, con una delantera formada por Churruca, Quini y Ferrero. Fue un 4-0, como el que se llev\u00f3 el Poli Ejido.<\/font><\/p>\n<p class=\"MsoNormal\"><font face=\"Times New Roman\" size=\"3\">Sin embargo, pese a la goleada inicial al Levante, el camino no fue f\u00e1cil, porque en toda la competici\u00f3n hubo rivales cerca, aunque en s\u00f3lo en seis jornadas se abandon\u00f3 el primer puesto, tres para ser segundos y otras tres para ser terceros. Fue clave la visita al l\u00edder C\u00e1diz, con el equipo segundo clasificado, empatado con el Rayo, y con riesgo de salir de la zona de ascenso, por la amenaza del Ja\u00e9n. 1-5 para los gijoneses y camino allanado, aunque luego hubo algunos tropiezos que llegaron a poner en duda el primer puesto. En la pen\u00faltima jornada, el Sporting visit\u00f3 Oviedo. Quini y Ferrero se encargaron de firmar un triunfo que asegur\u00f3 el liderato y el ascenso, porque una derrota hubiera obligado a ganar en la \u00faltima jornada al Ja\u00e9n para rubricar una de las tres primeras plazas. Aquel triunfo en el viejo Tartiere tambi\u00e9n signific\u00f3 que el Oviedo quedaba fuera de todas las opciones. <\/font><\/p>\n<p class=\"MsoNormal\"><font face=\"Times New Roman\" size=\"3\">Fue una temporada en la que debutaron Joaqu\u00edn, Maceda, Mor\u00e1n, regres\u00f3 Cundi y se confirm\u00f3 Mesa. Todos fueron internacionales poco tiempo despu\u00e9s. Y, adem\u00e1s, se mantuvo el d\u00fao pormado por Quini y Ferrero, que ya hab\u00edan sido internacionales consus respectivos pa\u00edses. Por el Brujo ten\u00eda adoraci\u00f3n Kubala y a Enzo le llev\u00f3 Menotti.<\/font><\/p>\n<p class=\"MsoNormal\"><font face=\"Times New Roman\" size=\"3\">Algunos datos pueden convertirse en comparativos. La plantilla de este a\u00f1o se reforz\u00f3 convenientemente. Al menos, dio buenas sensaciones y parece que hay un equipo armado, que no va a precisar que se abuse de las rotaciones. Eso puede quedar para la Copa. Mantener una base, como en la \u00e9poca de Miera, ser\u00eda importante. A Preciado no le gusta tener alineaciones que se sepan de memoria, pero es una de las f\u00f3rmulas para jugar de memoria. No s\u00e9 porque me da que el s\u00e1bado va a repetir alineaci\u00f3n en Canarias, dicho sea de paso.<\/font><\/p>\n<p class=\"MsoNormal\"><font face=\"Times New Roman\" size=\"3\">PD.: Habl\u00e9 con Rosendo Cabezas. Trabaja de t\u00e9cnico para el Sevilla y el a\u00f1o pasado le toc\u00f3 \u2018peinar\u2019 todo el f\u00fatbol portugu\u00e9s. De Zaporo s\u00f3lo tiene referencia de que figur\u00f3 en el Vitoria de Set\u00fabal y en el Beira Mar, sin apenas jugar. Una competencia menos. El Sevilla no va a ficharlo. <\/font><\/p>\n<!-- AddThis Advanced Settings generic via filter on the_content --><!-- AddThis Share Buttons generic via filter on the_content -->","protected":false},"excerpt":{"rendered":"<p>Las estad\u00edsticas y el recuerdo de la historia est\u00e1n bien para matar el tiempo y tambi\u00e9n para conocer o recordar las vivencias, en este caso, del Sporting. Viene esto a cuento de un comentario que surgi\u00f3 en el peri\u00f3dico y que dio origen al reportaje sobre la temporada 1976-1977, en la que el equipo rojiblanco [&hellip;]<!-- AddThis Advanced Settings generic via filter on get_the_excerpt --><!-- AddThis Share Buttons generic via filter on get_the_excerpt --><\/p>\n","protected":false},"author":40,"featured_media":0,"comment_status":"open","ping_status":"open","sticky":false,"template":"","format":"standard","meta":[],"categories":[3],"tags":[],"_links":{"self":[{"href":"https:\/\/blogs.elcomercio.es\/sportingmania\/wp-json\/wp\/v2\/posts\/43"}],"collection":[{"href":"https:\/\/blogs.elcomercio.es\/sportingmania\/wp-json\/wp\/v2\/posts"}],"about":[{"href":"https:\/\/blogs.elcomercio.es\/sportingmania\/wp-json\/wp\/v2\/types\/post"}],"author":[{"embeddable":true,"href":"https:\/\/blogs.elcomercio.es\/sportingmania\/wp-json\/wp\/v2\/users\/40"}],"replies":[{"embeddable":true,"href":"https:\/\/blogs.elcomercio.es\/sportingmania\/wp-json\/wp\/v2\/comments?post=43"}],"version-history":[{"count":0,"href":"https:\/\/blogs.elcomercio.es\/sportingmania\/wp-json\/wp\/v2\/posts\/43\/revisions"}],"wp:attachment":[{"href":"https:\/\/blogs.elcomercio.es\/sportingmania\/wp-json\/wp\/v2\/media?parent=43"}],"wp:term":[{"taxonomy":"category","embeddable":true,"href":"https:\/\/blogs.elcomercio.es\/sportingmania\/wp-json\/wp\/v2\/categories?post=43"},{"taxonomy":"post_tag","embeddable":true,"href":"https:\/\/blogs.elcomercio.es\/sportingmania\/wp-json\/wp\/v2\/tags?post=43"}],"curies":[{"name":"wp","href":"https:\/\/api.w.org\/{rel}","templated":true}]}}