{"id":501,"date":"2010-03-02T11:30:00","date_gmt":"2010-03-02T11:30:00","guid":{"rendered":"http:\/\/blogs.elcomercio.es\/sportingmania\/?p=501"},"modified":"2010-03-02T11:30:00","modified_gmt":"2010-03-02T11:30:00","slug":"el-dilema-la-banda","status":"publish","type":"post","link":"https:\/\/blogs.elcomercio.es\/sportingmania\/2010\/03\/02\/el-dilema-la-banda\/","title":{"rendered":"El dilema de la banda"},"content":{"rendered":"<p class=\"MsoNormal\"><font size=\"3\" face=\"Times New Roman\"><strong><img class=\"imgcen\" src=\"\/\/blogs.elcomerciodigital.com\/\/sportingmania\/files\/delascuevas.JPG\"><\/p>\n<p class=\"MsoNormal\"><font size=\"3\" face=\"Times New Roman\">El domingo no estar\u00e1 Diego Castro. Al gallego le toca descansar en Palma por la quinta tarjeta que vio ante Osasuna, por una de esas absurdas incorporaciones al reglamento para castigar jugadores, o sea, por dar un manotazo o puntapi\u00e9 al bander\u00edn del c\u00f3rner, acci\u00f3n que a veceses m\u00e1s grave que una patada por detr\u00e1s. O por delante, como la del penalti a Kike Mateo.<\/p>\n<p><\/font><font size=\"3\"><font face=\"Times New Roman\">El caso es que se abre un dilema para la banda izquierda que Preciado deber\u00e1 resolver en las pruebas de los dos pr\u00f3ximos d\u00edas. Aunque el t\u00e9cnico ya tendr\u00e1 hechas sus c\u00e1balas, el aficionado de a pie tiene sus gustos. De las Cuevas, Maldonado y Kike Mateo Cuevas tienen aptitudes para jugar en esa posici\u00f3n, en la que tambi\u00e9n Pedro fue utilizado alguna vez, creo que de forma ocasional.<\/p>\n<p><\/font><\/font><font size=\"3\"><font face=\"Times New Roman\">Sacar a De las Cuevas de sitio, con el momento dulce que atraviesa, no me parece conveniente, aunque el domingo tambi\u00e9n luci\u00f3 en la banda derecha. Kike Mateo juega mejor en el enganche, pero una de sus mejores temporadas, en el Eibar y la primera en el H\u00e9rcules fue e la banda izquierda. Maldonado se adapta a las dos bandas, aunque hasta ahora no tuvo la confianza de Preciado, pese a que Emilio de Dios apost\u00f3 muy fuerte por su fichaje.<\/p>\n<p><\/font><\/font><font size=\"3\"><font face=\"Times New Roman\">Cada cual tendr\u00e1 su alineaci\u00f3n personal, pero a Preciado le toca buscar la tecla adecuada. <span><\/span><\/font><\/font><\/p>\n<p><\/strong><\/font><\/p>\n<!-- AddThis Advanced Settings generic via filter on the_content --><!-- AddThis Share Buttons generic via filter on the_content -->","protected":false},"excerpt":{"rendered":"<p>El domingo no estar\u00e1 Diego Castro. Al gallego le toca descansar en Palma por la quinta tarjeta que vio ante Osasuna, por una de esas absurdas incorporaciones al reglamento para castigar jugadores, o sea, por dar un manotazo o puntapi\u00e9 al bander\u00edn del c\u00f3rner, acci\u00f3n que a veceses m\u00e1s grave que una patada por detr\u00e1s. [&hellip;]<!-- AddThis Advanced Settings generic via filter on get_the_excerpt --><!-- AddThis Share Buttons generic via filter on get_the_excerpt --><\/p>\n","protected":false},"author":40,"featured_media":0,"comment_status":"open","ping_status":"open","sticky":false,"template":"","format":"standard","meta":[],"categories":[3],"tags":[],"_links":{"self":[{"href":"https:\/\/blogs.elcomercio.es\/sportingmania\/wp-json\/wp\/v2\/posts\/501"}],"collection":[{"href":"https:\/\/blogs.elcomercio.es\/sportingmania\/wp-json\/wp\/v2\/posts"}],"about":[{"href":"https:\/\/blogs.elcomercio.es\/sportingmania\/wp-json\/wp\/v2\/types\/post"}],"author":[{"embeddable":true,"href":"https:\/\/blogs.elcomercio.es\/sportingmania\/wp-json\/wp\/v2\/users\/40"}],"replies":[{"embeddable":true,"href":"https:\/\/blogs.elcomercio.es\/sportingmania\/wp-json\/wp\/v2\/comments?post=501"}],"version-history":[{"count":0,"href":"https:\/\/blogs.elcomercio.es\/sportingmania\/wp-json\/wp\/v2\/posts\/501\/revisions"}],"wp:attachment":[{"href":"https:\/\/blogs.elcomercio.es\/sportingmania\/wp-json\/wp\/v2\/media?parent=501"}],"wp:term":[{"taxonomy":"category","embeddable":true,"href":"https:\/\/blogs.elcomercio.es\/sportingmania\/wp-json\/wp\/v2\/categories?post=501"},{"taxonomy":"post_tag","embeddable":true,"href":"https:\/\/blogs.elcomercio.es\/sportingmania\/wp-json\/wp\/v2\/tags?post=501"}],"curies":[{"name":"wp","href":"https:\/\/api.w.org\/{rel}","templated":true}]}}