{"id":53,"date":"2007-09-11T21:35:26","date_gmt":"2007-09-11T21:35:26","guid":{"rendered":"http:\/\/blogs.elcomercio.es\/sportingmania\/?p=53"},"modified":"2007-09-11T21:35:26","modified_gmt":"2007-09-11T21:35:26","slug":"unidad-quemados","status":"publish","type":"post","link":"https:\/\/blogs.elcomercio.es\/sportingmania\/2007\/09\/11\/unidad-quemados\/","title":{"rendered":"Unidad de quemados"},"content":{"rendered":"<p class=\"MsoNormal\"><font face=\"Times New Roman\" size=\"3\">Tuve la ocasi\u00f3n de compartir mesa y mantel en el programa de Radio Asturias que dirige \u00c1ngel Fern\u00e1ndez, en el que tomaron parte los ex jugadores Carlos, del Oviedo, y Eloy, del Sporting. Tambi\u00e9n estaba el compa\u00f1ero y amigo Jos\u00e9 Dami\u00e1n Gonz\u00e1lez, redactor jefe de As y tertuliano cada noche de Punto Radio, con Josep Pedrerol, Joaqu\u00edn Ramos Marco y una agradable cuadrilla. Por cierto, excepcional el restaurante De Labra. Recomendable.<\/font><\/p>\n<p class=\"MsoNormal\"><font size=\"3\"><font face=\"Times New Roman\"><span>            <\/span>Por supuesto que hablamos de la selecci\u00f3n de Luis Aragon\u00e9s que jugar\u00e1 ma\u00f1ana en Oviedo y que va a ganar a Letonia, del penalti de Eloy en M\u00e9xico, de la racha goleadora que tuvo Carlos en la selecci\u00f3n, sinque tuviera el premio que esperaba de Vicente Miera, pero tambi\u00e9n<span>  <\/span>sali\u00f3 a relucir la situaci\u00f3n del Sporting y del Oviedo. En la capital se hacen cruces con lo que est\u00e1 pasando al club azul, con un m\u00e1ximo accionista que parecer ser que todo lo que invirti\u00f3 fue el producto de una buena operaci\u00f3n urban\u00edstica en Llanes, de cuyo resultado le queda poco remanente, pero con intenci\u00f3n de meterlo en el Oviedo, hasta que se quede seco. Y todo lo hace porque le gusta figurar. Son las confesiones de Ernesto, un amigo \u00edntimo de Alberto Gonz\u00e1lez, quien parece que es constructor, pero no construye y deja que el club lo maneje un intermediario apellidado Mata, que es quien lleva las riendas de la entidad, pero sin responsabilidad, porque el director deportivo es Ismael D\u00edaz Gal\u00e1n, a quien Carlos no le tiene ning\u00fan cari\u00f1o, por la historia de la camiseta conmemorativa del \u00faltimo derbi que se jug\u00f3 hace cuatro a\u00f1os, confeccionada por Ultra Boys y que lucimos muchos rojiblancos de coraz\u00f3n. La m\u00eda se la qued\u00f3 Lozano, ahora jguador del Ourense. El del pr\u00f3ximo mi\u00e9rcoles no puede considerarse derbi, porque es parte de la romer\u00eda de las fiestas patronales de la capital.   <\/font><\/font><\/p>\n<p class=\"MsoNormal\"><font size=\"3\"><font face=\"Times New Roman\"><span>            <\/span>Lo que fuera de micr\u00f3fono escuch\u00e9 de la situaci\u00f3n del Oviedo me pareci\u00f3 dantesco, con un funcionamiento dictatorial, conducido por un grupo muy reducido de te\u00f3ricos inversores, que ya piensan en fichajes de invierno. Carlos no es de los que tenga pelos en la lengua. Y hasta elogi\u00f3 al Sporting, dicho sea de paso, por la forma que tiene de hacer las cosas desde hace tres a\u00f1os a esta parte, conun talante muy diferente al del Oviedo. Lo siento por el bueno de \u00c1ngel Fern\u00e1ndez, el rey de la radio en la capital, lugon\u00e9s o lugonense de nacimiento (no s\u00e9 como se dice con exactitud), ovetense de profesi\u00f3n y candas\u00edn de residente, adem\u00e1s de oviedista ejerciente.<\/font><\/font><\/p>\n<p class=\"MsoNormal\"><font size=\"3\"><font face=\"Times New Roman\"><span>            <\/span>Visto el panorama azul, puede decirse que en Gij\u00f3n estamos de maravilla (si alguien quiere aplicar lo de mal de muchos, eso es epidemia, no consuelo de tontos). No me extra\u00f1a que en la capital necesiten una nueva Unidad de Quemados, pero con muchas plazas. Carlos tiene el dorsal n\u00famero uno. Y, por lo que dice, con toda la raz\u00f3n del mundo.<\/font><\/font><\/p>\n<p class=\"MsoNormal\"><font face=\"Times New Roman\" size=\"3\">PD1: La selecci\u00f3n est\u00e1 en Asturias. El \u2018guaje\u2019 Villa es de los que siempre se para a firmar aut\u00f3grafos. Al de Tuilla no se le suben los humos, aunque tendr\u00eda muchas razones para ello, pero dejar\u00eda de ser Villa.<\/font><\/p>\n<p class=\"MsoNormal\"><font size=\"3\"><font face=\"Times New Roman\">PD2: Luis cerr\u00f3 el campo de entrenamiento para la afici\u00f3n. \u00bfTendr\u00eda miedo que alg\u00fan let\u00f3n se hubiera metido entre los seguidores espa\u00f1oles para espiarle las estrategias? \u00a1Ni que fueran de MacLaren! <span> <\/span><\/font><\/font><\/p>\n<!-- AddThis Advanced Settings generic via filter on the_content --><!-- AddThis Share Buttons generic via filter on the_content -->","protected":false},"excerpt":{"rendered":"<p>Tuve la ocasi\u00f3n de compartir mesa y mantel en el programa de Radio Asturias que dirige \u00c1ngel Fern\u00e1ndez, en el que tomaron parte los ex jugadores Carlos, del Oviedo, y Eloy, del Sporting. Tambi\u00e9n estaba el compa\u00f1ero y amigo Jos\u00e9 Dami\u00e1n Gonz\u00e1lez, redactor jefe de As y tertuliano cada noche de Punto Radio, con Josep [&hellip;]<!-- AddThis Advanced Settings generic via filter on get_the_excerpt --><!-- AddThis Share Buttons generic via filter on get_the_excerpt --><\/p>\n","protected":false},"author":40,"featured_media":0,"comment_status":"open","ping_status":"open","sticky":false,"template":"","format":"standard","meta":[],"categories":[3],"tags":[],"_links":{"self":[{"href":"https:\/\/blogs.elcomercio.es\/sportingmania\/wp-json\/wp\/v2\/posts\/53"}],"collection":[{"href":"https:\/\/blogs.elcomercio.es\/sportingmania\/wp-json\/wp\/v2\/posts"}],"about":[{"href":"https:\/\/blogs.elcomercio.es\/sportingmania\/wp-json\/wp\/v2\/types\/post"}],"author":[{"embeddable":true,"href":"https:\/\/blogs.elcomercio.es\/sportingmania\/wp-json\/wp\/v2\/users\/40"}],"replies":[{"embeddable":true,"href":"https:\/\/blogs.elcomercio.es\/sportingmania\/wp-json\/wp\/v2\/comments?post=53"}],"version-history":[{"count":0,"href":"https:\/\/blogs.elcomercio.es\/sportingmania\/wp-json\/wp\/v2\/posts\/53\/revisions"}],"wp:attachment":[{"href":"https:\/\/blogs.elcomercio.es\/sportingmania\/wp-json\/wp\/v2\/media?parent=53"}],"wp:term":[{"taxonomy":"category","embeddable":true,"href":"https:\/\/blogs.elcomercio.es\/sportingmania\/wp-json\/wp\/v2\/categories?post=53"},{"taxonomy":"post_tag","embeddable":true,"href":"https:\/\/blogs.elcomercio.es\/sportingmania\/wp-json\/wp\/v2\/tags?post=53"}],"curies":[{"name":"wp","href":"https:\/\/api.w.org\/{rel}","templated":true}]}}