{"id":54,"date":"2007-09-13T11:08:50","date_gmt":"2007-09-13T11:08:50","guid":{"rendered":"http:\/\/blogs.elcomercio.es\/sportingmania\/?p=54"},"modified":"2007-09-13T11:08:50","modified_gmt":"2007-09-13T11:08:50","slug":"no-todo-estaba-inventado","status":"publish","type":"post","link":"https:\/\/blogs.elcomercio.es\/sportingmania\/2007\/09\/13\/no-todo-estaba-inventado\/","title":{"rendered":"No todo estaba inventado"},"content":{"rendered":"<p class=\"MsoNormal\"><font face=\"Times New Roman\" size=\"3\">Pues no. No estaba todo inventado en el f\u00fatbol. Viendo el partido de la selecci\u00f3n me extra\u00f1\u00f3 que Iniesta se quedara inicialmente en el banquillo despu\u00e9s del gol y de su actuaci\u00f3n en Islandia, pero qued\u00e9 m\u00e1s perplejo cuando Luis Aragon\u00e9s lo invent\u00f3 de interior, con Angulo sentado. Me record\u00f3 la etapa de Rezza en el banquillo del Sporting, cuando pon\u00eda a David Cano en la banda, a correr de extremo.<\/font><\/p>\n<p class=\"MsoNormal\"><font face=\"Times New Roman\" size=\"3\">Ser entrenador es f\u00e1cil. Ser un buen entrenador es m\u00e1s complicado. Pero hay una m\u00e1xima que ayuda a equivocarse lo menos posible. Es la de poner a los porteros en la porter\u00eda. A los defensas, en la defensa. A los medios, en su sitio y a los delanteros, adelante. Eso lo dec\u00eda un afamado entrenador, pero esta teor\u00eda no parece gustarle a Luis Aragon\u00e9s, quien tras el partido se neg\u00f3 a hacer declaraciones. Es un s\u00edntoma de nerviosismo, de que le queda poco tiempo en el banquillo. A lo mejor se durmi\u00f3 en el partido, por el f\u00fatbol somn\u00edfero desplegado por la roja y no se acord\u00f3 de que era el entrenador. Todo puede suceder. Si el Sabio fue fichado para apagar un fuego, quiz\u00e1s fuera conveniente que colgara el traje de bombero en el armario y le pusiera naftalina.<\/font><\/p>\n<p class=\"MsoNormal\"><font face=\"Times New Roman\" size=\"3\">En la orilla del Piles, pendientes del viaje a Jerez, se busca un 9. El celtista Perera est\u00e1 libre, pero el problema es econ\u00f3mico. Aparentemente, es un delantero con una buena trayectoria y con gol, al menos en Segunda. El chaval llega de Primera y quiere sueldos de la Liga de las Estrellas sin darse cuenta de que est\u00e1 en la Liga de los Estrellados. <\/font><\/p>\n<p class=\"MsoNormal\"><font size=\"3\"><font face=\"Times New Roman\">Tal y como est\u00e1 el panorama, el delantero so\u00f1ado llegar\u00e1 en enero y ser\u00e1 centroeuropeo. Lo del Brasil es una promoci\u00f3n de jugadores. Mientras que nos cuiden muy mucho a Barral, a quien estaban dispuestos a vender en mayo si llegaba alg\u00fan club con algo m\u00e1s de un mill\u00f3n de euros. Ahora que el chico va a ser pap\u00e1 y est\u00e1 centrado en su familia y en su trabajo, su rendimiento es mejor. Al menos en casa y en este inicio de temporada.<span>  <\/span><\/font><\/font><\/p>\n<p class=\"MsoNormal\"><font size=\"3\"><font face=\"Times New Roman\">P.D.: Anoche vi a Preciado en la TPA. Me record\u00f3 a Pepu, el del baloncesto, por los bote de la pelota. El c\u00e1ntabro qued\u00f3 muy bien con todos y hasta celebr\u00f3 el derbi del mi\u00e9rcoles al que acudir\u00e1 con el equpo de la Copa. Qued\u00f3 bien con el Oviedo y muy bien con el presentador, que es oviedista a tope, el que el otro d\u00eda, en un desliz de la c\u00e1mara, se le vio c\u00f3mo tir\u00f3 con despecho una bufanda del Sporting. Hay gestos que marcan.<span>   <\/span><\/font><\/font><\/p>\n<!-- AddThis Advanced Settings generic via filter on the_content --><!-- AddThis Share Buttons generic via filter on the_content -->","protected":false},"excerpt":{"rendered":"<p>Pues no. No estaba todo inventado en el f\u00fatbol. Viendo el partido de la selecci\u00f3n me extra\u00f1\u00f3 que Iniesta se quedara inicialmente en el banquillo despu\u00e9s del gol y de su actuaci\u00f3n en Islandia, pero qued\u00e9 m\u00e1s perplejo cuando Luis Aragon\u00e9s lo invent\u00f3 de interior, con Angulo sentado. Me record\u00f3 la etapa de Rezza en [&hellip;]<!-- AddThis Advanced Settings generic via filter on get_the_excerpt --><!-- AddThis Share Buttons generic via filter on get_the_excerpt --><\/p>\n","protected":false},"author":40,"featured_media":0,"comment_status":"open","ping_status":"open","sticky":false,"template":"","format":"standard","meta":[],"categories":[3],"tags":[],"_links":{"self":[{"href":"https:\/\/blogs.elcomercio.es\/sportingmania\/wp-json\/wp\/v2\/posts\/54"}],"collection":[{"href":"https:\/\/blogs.elcomercio.es\/sportingmania\/wp-json\/wp\/v2\/posts"}],"about":[{"href":"https:\/\/blogs.elcomercio.es\/sportingmania\/wp-json\/wp\/v2\/types\/post"}],"author":[{"embeddable":true,"href":"https:\/\/blogs.elcomercio.es\/sportingmania\/wp-json\/wp\/v2\/users\/40"}],"replies":[{"embeddable":true,"href":"https:\/\/blogs.elcomercio.es\/sportingmania\/wp-json\/wp\/v2\/comments?post=54"}],"version-history":[{"count":0,"href":"https:\/\/blogs.elcomercio.es\/sportingmania\/wp-json\/wp\/v2\/posts\/54\/revisions"}],"wp:attachment":[{"href":"https:\/\/blogs.elcomercio.es\/sportingmania\/wp-json\/wp\/v2\/media?parent=54"}],"wp:term":[{"taxonomy":"category","embeddable":true,"href":"https:\/\/blogs.elcomercio.es\/sportingmania\/wp-json\/wp\/v2\/categories?post=54"},{"taxonomy":"post_tag","embeddable":true,"href":"https:\/\/blogs.elcomercio.es\/sportingmania\/wp-json\/wp\/v2\/tags?post=54"}],"curies":[{"name":"wp","href":"https:\/\/api.w.org\/{rel}","templated":true}]}}