{"id":58,"date":"2007-09-25T22:49:52","date_gmt":"2007-09-25T22:49:52","guid":{"rendered":"http:\/\/blogs.elcomercio.es\/sportingmania\/?p=58"},"modified":"2007-09-25T22:49:52","modified_gmt":"2007-09-25T22:49:52","slug":"las-medias-verdades-del-senor-congo","status":"publish","type":"post","link":"https:\/\/blogs.elcomercio.es\/sportingmania\/2007\/09\/25\/las-medias-verdades-del-senor-congo\/","title":{"rendered":"Las medias verdades del se\u00f1or Congo"},"content":{"rendered":"<p>Se acabaron las esperanzas que ten\u00eda Preciado de contar con Congo esta temporada. El colombiano vio cumplido su deseo de jugar en Primera o, por lo menos, de pertenecer a una plantilla de un equipo de Primera Divisi\u00f3n.<br \/>\nDespu\u00e9s de estar callado todo el verano, huido de los medios de comunicaci\u00f3n, de los dirigentes del Sporting y hasta de su amigo Preciado, a quien califica de padre deportivo, el colombiano ha abierto la boca en Onda Cero para explicar que no enga\u00f1\u00f3 a nadie y que hizo lo que se hab\u00eda propuesto, que era apurar al m\u00e1ximo para jugar en Primera, como hab\u00eda explicado a los dirigentes rojiblancos.<br \/>\nSin embargo, hay cosas que no cuadran. Cuando el luanqu\u00edn Roberto Mu\u00f1iz entabl\u00f3 contacto con Congo, en el mes de junio, le ofreci\u00f3 la opci\u00f3n del Betis, pero el colombiano neg\u00f3 conocer al citado intermediario. Qu\u00e9 casualidad que fue quien lo coloc\u00f3 en el Recreativo, despu\u00e9s de haberlo ofrecido al Getafe, Espanyol y Deportivo, sin respuesta afirmativa de los clubes.<br \/>\nEl colombiano puso a parir a Jos\u00e9 Torres, que debe ser una mezcla de pardillo y aprovechado, ya que s\u00f3lo hab\u00eda tenido un contacto durante el verano. Lo extra\u00f1o, es que Congo no haya advertido a sus amigos del Sporting que el citado Torres era un impostor. Opt\u00f3 por el silencio,porque era la forma de respetar al club, dice. No es entendible la explicaci\u00f3n que permitir un enga\u00f1o sea una forma de respetar al enga\u00f1ado.<br \/>\nParalelamente, permiti\u00f3 que Gelu Rodr\u00edguez negociara con otros clubes, caso del Tenerife, C\u00f3rdoba, Elche, H\u00e9rcules y N\u00e1stic, hasta que se met\u00eda Torres por el medio, ya que el intermediario gijon\u00e9s estaba en la creencia de que era el representante legal de Congo. El colombiano nunca se lo desminti\u00f3, pese a que con Gelu s\u00ed hablaba, al menso hasta que a mediados de agosto tambi\u00e9n lo retir\u00f3 de sus comunicaciones. Pero, cuando no hablaba con nadie del club o de sus representantes, Congo conoc\u00eda a la perfecci\u00f3n el contenido del contrato que no lleg\u00f3 a ver y de la amenaza de retirada de la oferta que Vega-Arango no lleg\u00f3 a comunicar a sus interlocutores, entre otras cosas.<br \/>\nSi Congo quer\u00eda jugar en Primera, su postura es respetable al m\u00e1ximo. Lo que no parece normal es que cuente las verdades a medias, seg\u00fan le convenga. Que tenga mucha suerte en su nuevo equipo, que lo tiene a 50 kil\u00f3metros m\u00e1s lejos de Valencia que Gij\u00f3n, si es verdad la explicaci\u00f2n que se filtr\u00f3 en junio de que el jugador sol\u00eda ir a Valencia despu\u00e9s de los partidos de casa, en coche, a ver a su novia, que no pod\u00eda venir a Gij\u00f3n, porque no sube sola a un avi\u00f3n. De esas fantas\u00edas no creo que participe el colombiano.<br \/>\nAqu\u00ed,Congo ya es historia pasada. S\u00f3lo queda para las estad\u00edsticas y para recibirlo cuando venga a recoger su Molin\u00f3n de plata. Que es suyo.<br \/>\nPD.: \u00bfMantendr\u00e1 el se\u00f1or Fern\u00e1ndez que Congo es el \u00fanico jugador que merece la pena de este Sporting que es tercero en la clasificaci\u00f3n?<\/p>\n<!-- AddThis Advanced Settings generic via filter on the_content --><!-- AddThis Share Buttons generic via filter on the_content -->","protected":false},"excerpt":{"rendered":"<p>Se acabaron las esperanzas que ten\u00eda Preciado de contar con Congo esta temporada. El colombiano vio cumplido su deseo de jugar en Primera o, por lo menos, de pertenecer a una plantilla de un equipo de Primera Divisi\u00f3n. Despu\u00e9s de estar callado todo el verano, huido de los medios de comunicaci\u00f3n, de los dirigentes del [&hellip;]<!-- AddThis Advanced Settings generic via filter on get_the_excerpt --><!-- AddThis Share Buttons generic via filter on get_the_excerpt --><\/p>\n","protected":false},"author":40,"featured_media":0,"comment_status":"open","ping_status":"open","sticky":false,"template":"","format":"standard","meta":[],"categories":[3],"tags":[],"_links":{"self":[{"href":"https:\/\/blogs.elcomercio.es\/sportingmania\/wp-json\/wp\/v2\/posts\/58"}],"collection":[{"href":"https:\/\/blogs.elcomercio.es\/sportingmania\/wp-json\/wp\/v2\/posts"}],"about":[{"href":"https:\/\/blogs.elcomercio.es\/sportingmania\/wp-json\/wp\/v2\/types\/post"}],"author":[{"embeddable":true,"href":"https:\/\/blogs.elcomercio.es\/sportingmania\/wp-json\/wp\/v2\/users\/40"}],"replies":[{"embeddable":true,"href":"https:\/\/blogs.elcomercio.es\/sportingmania\/wp-json\/wp\/v2\/comments?post=58"}],"version-history":[{"count":0,"href":"https:\/\/blogs.elcomercio.es\/sportingmania\/wp-json\/wp\/v2\/posts\/58\/revisions"}],"wp:attachment":[{"href":"https:\/\/blogs.elcomercio.es\/sportingmania\/wp-json\/wp\/v2\/media?parent=58"}],"wp:term":[{"taxonomy":"category","embeddable":true,"href":"https:\/\/blogs.elcomercio.es\/sportingmania\/wp-json\/wp\/v2\/categories?post=58"},{"taxonomy":"post_tag","embeddable":true,"href":"https:\/\/blogs.elcomercio.es\/sportingmania\/wp-json\/wp\/v2\/tags?post=58"}],"curies":[{"name":"wp","href":"https:\/\/api.w.org\/{rel}","templated":true}]}}