{"id":91,"date":"2007-12-19T18:05:32","date_gmt":"2007-12-19T18:05:32","guid":{"rendered":"http:\/\/blogs.elcomercio.es\/sportingmania\/?p=91"},"modified":"2007-12-19T18:05:32","modified_gmt":"2007-12-19T18:05:32","slug":"una-semana-torcida","status":"publish","type":"post","link":"https:\/\/blogs.elcomercio.es\/sportingmania\/2007\/12\/19\/una-semana-torcida\/","title":{"rendered":"Una semana torcida"},"content":{"rendered":"<p>No marcha bien la semana. Despu\u00e9s del empate en Salamanca, se espera la visita del Alav\u00e9s para despedir el a\u00f1o, con el objetivo de quemar el almanaque 2007 y celebrar las uvas con Ram\u00f3n Garc\u00eda en posiciones de ascenso.<br \/>\n    Sin embargo, el d\u00eda est\u00e1 retorcido. De Lucas se rompi\u00f3, Omar y Roberto andan griposos y con fiebre, a Gerard lo mantienen los m\u00e9dicos \u2018pendiente de evoluci\u00f3n\u2019 y Barral continua a la espera de las guerras de los despachos. Y todo esto se suma a las ausencias obligadas y conocidas de Iv\u00e1n Hern\u00e1ndez, Andreu y Kike Mateo.<br \/>\n    Como es norma, los ausentes se echan de menos. Los griposos estar\u00e1n disponibles, lo mismo que el defensa catal\u00e1n, que acab\u00f3 el entrenamiento no sin problemas, pero con un amor propio que no le dejar\u00e1 en la grada. Seguro. El ilicitano jug\u00f3 poco hasta ahora, pero se le valora por ser el \u00fanico organizador espec\u00edfico de una plantilla que empez\u00f3 fuerte en el centro del campo con la potencia de Matabuena y M\u00edchel. Ahora, por el baj\u00f3n f\u00edsico se echa de menos a Andreu. En el caso de Iv\u00e1n Hern\u00e1ndez, el buen momento de Jorge lo deja en un segundo plano. La ausencia que m\u00e1s se acusa es la de Kike Mateo, un futbolista fundamental, lo mismo que ahora a Barral.<br \/>\n    Preciado est\u00e1 preocupado. El puesto de ariete lo trae a mal traer. El c\u00e1ntabro tiene preferencias. Por este orden, son Barral, Omar y Luis Mor\u00e1n. Por detr\u00e1s estar\u00e1 Diego Castro, con Pedro y Pina en las bandas. La preocupaci\u00f3n del m\u00edster tiene fundamento.<br \/>\n    Queda fuera Karanka, quien en el entrenamiento de esta ma\u00f1ana fue utilizado con los suplentes en la prueba principal de la alineaci\u00f3n del s\u00e1bado. El vitoriano no tuvo ni fuerzas para pasar por la sala de prensa, en un momento que an\u00edmicamente parece bajo m\u00ednimos. No cuenta para el cuadro t\u00e9cnico, el s\u00e1bado qued\u00f3 excluido en la lista de los 18 del acta y qued\u00f3 en la grada y se le quiere proponer su marcha anticipada, aunque en la planta noble no se le presentan al jugador o su padre, que es el representante, las intenciones del club. La trayectoria de Karanka en el Sporting tiene unas estad\u00edsticas negativas. Dos goles en dos temporadas y media, pero con una participaci\u00f3n muy escasa. Si el vitoriano est\u00e1 pasando un calvario, con la llegada de Bilic y de Hidalgo va a ser milagroso que tenga sitio en alguna convocatoria. Si quiere jugar, vale m\u00e1s que negocie la rescisi\u00f3n de su contrato.<br \/>\n    El caso es que para pasar las Navidades en ascenso hay que ganar al Alav\u00e9s de Josu Uribe. El gijon\u00e9s tuvo alg\u00fan emisario ayer en Mareo, seg\u00fan saben en las oficinas del club, donde tambi\u00e9n tienen referencias de mensajes que el t\u00e9cnico enviaba a Kike Mateo cuando quer\u00eda ficharlo y, de paso, disuadirle de que aceptara el ofrecimiento del Sporting. El t\u00e9cnico gijon\u00e9s del club vitoriano no es muy querido en Mareo.<br \/>\n    La semana est\u00e1 torcida. La \u00fanica forma de enderezarla es con un triunfo el s\u00e1bado. C\u00f3mo lograrlo es problema que nos resolver\u00e1 el se\u00f1or Preciado.<\/p>\n<!-- AddThis Advanced Settings generic via filter on the_content --><!-- AddThis Share Buttons generic via filter on the_content -->","protected":false},"excerpt":{"rendered":"<p>No marcha bien la semana. Despu\u00e9s del empate en Salamanca, se espera la visita del Alav\u00e9s para despedir el a\u00f1o, con el objetivo de quemar el almanaque 2007 y celebrar las uvas con Ram\u00f3n Garc\u00eda en posiciones de ascenso. Sin embargo, el d\u00eda est\u00e1 retorcido. De Lucas se rompi\u00f3, Omar y Roberto andan griposos y [&hellip;]<!-- AddThis Advanced Settings generic via filter on get_the_excerpt --><!-- AddThis Share Buttons generic via filter on get_the_excerpt --><\/p>\n","protected":false},"author":40,"featured_media":0,"comment_status":"open","ping_status":"open","sticky":false,"template":"","format":"standard","meta":[],"categories":[3],"tags":[],"_links":{"self":[{"href":"https:\/\/blogs.elcomercio.es\/sportingmania\/wp-json\/wp\/v2\/posts\/91"}],"collection":[{"href":"https:\/\/blogs.elcomercio.es\/sportingmania\/wp-json\/wp\/v2\/posts"}],"about":[{"href":"https:\/\/blogs.elcomercio.es\/sportingmania\/wp-json\/wp\/v2\/types\/post"}],"author":[{"embeddable":true,"href":"https:\/\/blogs.elcomercio.es\/sportingmania\/wp-json\/wp\/v2\/users\/40"}],"replies":[{"embeddable":true,"href":"https:\/\/blogs.elcomercio.es\/sportingmania\/wp-json\/wp\/v2\/comments?post=91"}],"version-history":[{"count":0,"href":"https:\/\/blogs.elcomercio.es\/sportingmania\/wp-json\/wp\/v2\/posts\/91\/revisions"}],"wp:attachment":[{"href":"https:\/\/blogs.elcomercio.es\/sportingmania\/wp-json\/wp\/v2\/media?parent=91"}],"wp:term":[{"taxonomy":"category","embeddable":true,"href":"https:\/\/blogs.elcomercio.es\/sportingmania\/wp-json\/wp\/v2\/categories?post=91"},{"taxonomy":"post_tag","embeddable":true,"href":"https:\/\/blogs.elcomercio.es\/sportingmania\/wp-json\/wp\/v2\/tags?post=91"}],"curies":[{"name":"wp","href":"https:\/\/api.w.org\/{rel}","templated":true}]}}